{"id":44594,"date":"2020-06-11T18:50:43","date_gmt":"2020-06-11T16:50:43","guid":{"rendered":"https:\/\/www.messinaoggi.it\/website\/?p=44594"},"modified":"2020-06-11T18:50:43","modified_gmt":"2020-06-11T16:50:43","slug":"coronavirus-zeri-casi-in-sicilia-su-3mila-tamponi","status":"publish","type":"post","link":"https:\/\/www.messinaoggi.it\/website\/2020\/06\/11\/coronavirus-zeri-casi-in-sicilia-su-3mila-tamponi\/","title":{"rendered":"Coronavirus: zero casi in Sicilia su 3mila tamponi"},"content":{"rendered":"<p>Nessun nuovo caso su oltre tremila tamponi eseguiti nelle ultime 24 ore. Il bilancio degli attuali positivi al coronavirus in Sicilia segna un incoraggiante -4. Da registrare, nel report quotidiano della Protezione Civile, un decesso, tre guariti e il calo dei ricoverati in ospedale (42).<br \/>\n<strong>PALERMO: NATA BIMBA DA MAMMA POSITIVA<\/strong>. E\u2019 stato praticato questa mattina il taglio cesareo alla donna in gravidanza di 34 anni, originaria del Bangladesh, ma residente a Palermo, arrivata da Londra, ricoverata da diversi giorni nell\u2019unit\u00e0 di terapia intensiva e rianimazione dell\u2019ospedale Cervello di Palermo e risultata positiva al Covid-19.<br \/>\n\u201cL\u2019ulteriore aggravamento delle condizioni cliniche della paziente e in seguito all\u2019ultimo consulto di stamattina tra intensivisti, ostetrici e neonatologi, che hanno svolto un importante lavoro di \u00e9quipe \u2013 dice il primario della terapia intensiva dell\u2019ospedale \u2018Cervello\u2019 Baldo Renda \u2013 si \u00e8 deciso di effettuare un taglio cesareo urgente ad inizio di trentesima settimana\u201d. L\u2019intervento, assicura Renda, \u201c\u00e8 andato bene, la bimba \u00e8 stata affidata alle cure dei neonatologi e adesso la signora, che purtroppo ha una grave insufficienza respiratoria, \u00e8 sedata e in coma farmacologico\u201d.<br \/>\n<strong>IN ITALIA RISALGONO I CONTAGI E DIMINUISCONO LE VITTIME<\/strong>. Torna a salire il dato giornaliero dei contagi da coronavirus in Italia. E\u2019 di 236.142 il numero complessivo dei contagiati, con un incremento di 379 casi rispetto a ieri, quando si era registrata una crescita di 202. In Lombardia i nuovi contagiati sono 252 in pi\u00f9, pari al 66,4 per cento dell\u2019aumento odierno in Italia, mentre ieri l\u2019incremento era stato di 99 casi, pari al 49%. Dai dati della Protezione Civile emerge che quattro regioni \u2013 Sicilia, Umbria, Valle d\u2019Aosta e Molise \u2013 non hanno nuovi casi.<br \/>\nSono 53 le vittime del Covid nelle ultime 24 ore, in calo rispetto alle 71 di ieri. E\u2019 il dato pi\u00f9 basso dal 2 marzo, quando se ne erano registrate 52, e lo stesso registrato il 7 giugno scorso. In Lombardia nell\u2019ultima giornata se ne sono registrate 25, mentre ieri erano state 32. Il numero totale delle vittime in Italia sale dunque a 34.167.<div id=\"div-gpt-ad-Messinaoggi.it-DSK-300x250-corpoart\" style=\"text-align:center;margin:0 auto;\"><\/div><\/p>\n<div id=\"videoincontent\" style=\"clear:both\";><\/div>","protected":false},"excerpt":{"rendered":"<p>Nessun nuovo caso su oltre tremila tamponi eseguiti nelle ultime 24 ore. Il bilancio degli attuali positivi al coronavirus in Sicilia segna un incoraggiante -4. Da registrare, nel report quotidiano della Protezione Civile, un decesso, tre guariti e il calo dei ricoverati in ospedale (42). PALERMO: NATA BIMBA DA MAMMA POSITIVA. E\u2019 stato praticato questa [&hellip;]<\/p>\n","protected":false},"author":4,"featured_media":43349,"comment_status":"closed","ping_status":"closed","sticky":false,"template":"","format":"standard","meta":{"ub_ctt_via":"","_mi_skip_tracking":false},"categories":[221],"tags":[],"featured_image_src":"https:\/\/www.messinaoggi.it\/website\/wp-content\/uploads\/2020\/05\/tampone_covid.jpg_834574915.jpg","author_info":{"display_name":"redme","author_link":"https:\/\/www.messinaoggi.it\/website\/author\/redme\/"},"digistream_id":0,"digistream":false,"_links":{"self":[{"href":"https:\/\/www.messinaoggi.it\/website\/wp-json\/wp\/v2\/posts\/44594"}],"collection":[{"href":"https:\/\/www.messinaoggi.it\/website\/wp-json\/wp\/v2\/posts"}],"about":[{"href":"https:\/\/www.messinaoggi.it\/website\/wp-json\/wp\/v2\/types\/post"}],"author":[{"embeddable":true,"href":"https:\/\/www.messinaoggi.it\/website\/wp-json\/wp\/v2\/users\/4"}],"replies":[{"embeddable":true,"href":"https:\/\/www.messinaoggi.it\/website\/wp-json\/wp\/v2\/comments?post=44594"}],"version-history":[{"count":0,"href":"https:\/\/www.messinaoggi.it\/website\/wp-json\/wp\/v2\/posts\/44594\/revisions"}],"wp:featuredmedia":[{"embeddable":true,"href":"https:\/\/www.messinaoggi.it\/website\/wp-json\/wp\/v2\/media\/43349"}],"wp:attachment":[{"href":"https:\/\/www.messinaoggi.it\/website\/wp-json\/wp\/v2\/media?parent=44594"}],"wp:term":[{"taxonomy":"category","embeddable":true,"href":"https:\/\/www.messinaoggi.it\/website\/wp-json\/wp\/v2\/categories?post=44594"},{"taxonomy":"post_tag","embeddable":true,"href":"https:\/\/www.messinaoggi.it\/website\/wp-json\/wp\/v2\/tags?post=44594"}],"curies":[{"name":"wp","href":"https:\/\/api.w.org\/{rel}","templated":true}]}}