{"id":4459,"date":"2017-07-11T13:11:08","date_gmt":"2017-07-11T11:11:08","guid":{"rendered":"http:\/\/www.messinaoggi.it\/website\/?p=4459"},"modified":"2017-07-11T13:11:08","modified_gmt":"2017-07-11T11:11:08","slug":"biancuzzo-chiede-il-rifacimento-del-tratto-mortelle-ponte-gallo","status":"publish","type":"post","link":"https:\/\/www.messinaoggi.it\/website\/2017\/07\/11\/biancuzzo-chiede-il-rifacimento-del-tratto-mortelle-ponte-gallo\/","title":{"rendered":"Biancuzzo chiede il rifacimento del tratto Mortelle-Ponte Gallo"},"content":{"rendered":"<p style=\"text-align: justify\" align=\"JUSTIFY\"><span style=\"font-family: Arial, sans-serif\"><span style=\"font-size: medium\">La strada statale 113. Uno dei tratti pi\u00f9 frequentati, specie nel tratto compreso tra Mortelle e Pontegallo, nel periodo estivo da bagnanti e ciclisti. In tal senso il consigliere circoscrizionale Mario Biancuzzo chiede l&#8217;attuazione di lavori di rifacimento dell&#8217;intero tratto \u2013 dagli impianti di illuminazione pubblica, in alcuni casi non funzionanti, alla scerbatura per rimuovere le erbacce, potenziali fonti di nuovi focolai dopo i disastrosi incendi avvenuti negli ultimi giorni \u2013 al fine di garantire l&#8217;incolumit\u00e0 dei messinesi.<\/span><\/span><div id=\"div-gpt-ad-Messinaoggi.it-DSK-300x250-corpoart\" style=\"text-align:center;margin:0 auto;\"><\/div><\/p>\n<p style=\"text-align: justify\" align=\"JUSTIFY\">\u201c<span style=\"font-family: Arial, sans-serif\"><span style=\"font-size: medium\">Ai margini della strada \u2013 scrive Biancuzzo \u2013 le cunette per il convogliamento delle acque piovane nei tombini sono ricolme di terriccio, trasportato durante le piogge invernali, sulle quali si \u00e8 diffusa una vegetazione spontanea di tipo invasivo molto rigogliosa, che oltre ad ostruire la carreggiata stradale e non consentire la necessaria visibilit\u00e0 alle autovetture e ai ciclisti in transito, rappresenta una barriera al normale deflusso delle acque piovane che per effetto di tale ostacolo, non vengono reggimentate nelle opportune opere realizzate per tale scopo<b>. Inoltre la presenza degli alberi di acacia in prossimit\u00e0 del perimetro della strada, con i rami muniti di spine pericolose e la presenza di un folta vegetazione di canne in curva rappresentano pericoli agli automobilisti in transito che sono costretti ad invadere forzatamente la corsia opposta.<\/b><\/span><\/span><div id=\"videoincontent\" style=\"clear:both\";><\/div><\/p>\n<p style=\"text-align: justify\" align=\"JUSTIFY\"><span style=\"font-family: Arial, sans-serif\"><span style=\"font-size: medium\">Altro pericolo, troppi pali in cemento che sorreggono i fili dell\u2019energia elettrica, nel tratto segnato in oggetto, si presentano logorati, vetusti con i tondini di ferro arrugginiti e con pezzi di cemento che cadono sbriciolandosi. <b>I pali in cemento, molto pesanti, alcuni inclinati potrebbero cadere sui mezzi in transito senza scampo per gli occupanti. I fili dell\u2019energia elettrica sono incastrati nelle alberature.<\/b><\/span><\/span><\/p>\n<p style=\"text-align: justify\" align=\"JUSTIFY\"><span style=\"font-family: Arial, sans-serif\"><span style=\"font-size: medium\"><b>L\u2019illuminazione pubblica \u00e8 assente in numerosi tratti della strada statale 113. determinando disagi per la circolazione durante le ore notturne e pericoli. Ricordo che su questa arteria ad alta densit\u00e0 di traffico si sono verificati, purtroppo, diversi incidenti mortali.<\/b><\/span><\/span><\/p>\n<p style=\"text-align: justify\" align=\"JUSTIFY\"><span style=\"font-family: Arial, sans-serif\"><span style=\"font-size: medium\"><strong>Premesso ci\u00f2 chiedo<\/strong> <b>nella qualit\u00e0 di consigliere, come prevenzione incendi, a rimuovere rovi, sterpaglie e qualunque materiale di qualsiasi natura, che possa essere fonte di incendio. Provvedere alla scerbatura rimozione di erbe, arbusti, alberi e rami secchi bruciati dall\u2019incendio del 30 giugno 2017 che potrebbero cadere sulla strada statale, alberi che crescono spontaneamente e quant\u2019altro possa essere veicolo di incendio. Ricordo che le fiamme propagatesi il 30 giugno 2017, hanno raggiunto, nel tratto che va da Spart\u00e0 a San Saba, dopo aver oltrepassato la strada statale 113, il mare. Il fuoco ha distrutto tutto, ingenti danni. Case bruciate, alberi secolari completamente carbonizzati<\/b>.<br \/>\nAl Servizio Elettrico Nazionale di provvedere a sostituire tutti i pali in cemento, ubicati ai bordi della strada statale 113, arrugginiti e pericolosi a scanso di eventuali responsabilit\u00e0 civili e penali che si potrebbero determinare, causa mancati interventi.<br \/>\nAl Dirigente lavori pubblici del Comune di Messina di dare incarico a degli ingegneri specializzati di realizzare progetti, per impianti di illuminazione pubblica, nel tratto che va da Mortelle a Ponte Gallo e successivamente inviare i progetti alla Regione Sicilia per essere finanziati.<br \/>\nNon \u00e8 allarmismo ma \u00e8 doveroso da parte mia, senza fare polemiche e senza puntare il dito contro nessuno, segnalare, nella qualit\u00e0 di consigliere le problematiche che riscontro nel territorio\u201d.<\/span><\/span><\/p>\n","protected":false},"excerpt":{"rendered":"<p>La strada statale 113. Uno dei tratti pi\u00f9 frequentati, specie nel tratto compreso tra Mortelle e Pontegallo, nel periodo estivo da bagnanti e ciclisti. In tal senso il consigliere circoscrizionale Mario Biancuzzo chiede l&#8217;attuazione di lavori di rifacimento dell&#8217;intero tratto \u2013 dagli impianti di illuminazione pubblica, in alcuni casi non funzionanti, alla scerbatura per rimuovere [&hellip;]<\/p>\n","protected":false},"author":8,"featured_media":4460,"comment_status":"closed","ping_status":"open","sticky":false,"template":"","format":"standard","meta":{"ub_ctt_via":"","_mi_skip_tracking":false},"categories":[4],"tags":[],"featured_image_src":"https:\/\/www.messinaoggi.it\/website\/wp-content\/uploads\/2017\/07\/incendio-strada-statale-113-2.jpg","author_info":{"display_name":"red..me","author_link":"https:\/\/www.messinaoggi.it\/website\/author\/redstage\/"},"digistream_id":0,"digistream":false,"_links":{"self":[{"href":"https:\/\/www.messinaoggi.it\/website\/wp-json\/wp\/v2\/posts\/4459"}],"collection":[{"href":"https:\/\/www.messinaoggi.it\/website\/wp-json\/wp\/v2\/posts"}],"about":[{"href":"https:\/\/www.messinaoggi.it\/website\/wp-json\/wp\/v2\/types\/post"}],"author":[{"embeddable":true,"href":"https:\/\/www.messinaoggi.it\/website\/wp-json\/wp\/v2\/users\/8"}],"replies":[{"embeddable":true,"href":"https:\/\/www.messinaoggi.it\/website\/wp-json\/wp\/v2\/comments?post=4459"}],"version-history":[{"count":0,"href":"https:\/\/www.messinaoggi.it\/website\/wp-json\/wp\/v2\/posts\/4459\/revisions"}],"wp:featuredmedia":[{"embeddable":true,"href":"https:\/\/www.messinaoggi.it\/website\/wp-json\/wp\/v2\/media\/4460"}],"wp:attachment":[{"href":"https:\/\/www.messinaoggi.it\/website\/wp-json\/wp\/v2\/media?parent=4459"}],"wp:term":[{"taxonomy":"category","embeddable":true,"href":"https:\/\/www.messinaoggi.it\/website\/wp-json\/wp\/v2\/categories?post=4459"},{"taxonomy":"post_tag","embeddable":true,"href":"https:\/\/www.messinaoggi.it\/website\/wp-json\/wp\/v2\/tags?post=4459"}],"curies":[{"name":"wp","href":"https:\/\/api.w.org\/{rel}","templated":true}]}}