{"id":44556,"date":"2020-06-11T11:40:30","date_gmt":"2020-06-11T09:40:30","guid":{"rendered":"https:\/\/www.messinaoggi.it\/website\/?p=44556"},"modified":"2020-06-11T11:40:30","modified_gmt":"2020-06-11T09:40:30","slug":"corsa-il-20-giro-podistico-a-tappe-delle-eolie-rinviato-al-2021","status":"publish","type":"post","link":"https:\/\/www.messinaoggi.it\/website\/2020\/06\/11\/corsa-il-20-giro-podistico-a-tappe-delle-eolie-rinviato-al-2021\/","title":{"rendered":"CORSA &#8211; Il 20\u00b0 Giro podistico a tappe delle Eolie rinviato al 2021"},"content":{"rendered":"<p><strong><em>L\u2019ormai storica manifestazione FIDAL, organizzata e promossa dalla Polisportiva Europa Messina, salter\u00e0 l\u2019edizione 2020 (6-12 settembre) a causa delle problematiche legate all\u2019emergenza sanitaria Covid-19 e delle conseguenti restrizioni normative anti-assembramento.\u00a0 <\/em><\/strong><br \/>\n<strong><em>\u00a0 \u00a0<\/em><\/strong><br \/>\nIl \u201cGiro Podistico a Tappe delle Isole Eolie\u201d festegger\u00e0 nel 2021 l\u2019atteso ventesimo compleanno, esattamente nella settimana che andr\u00e0 dal 5 all\u201911 settembre. L\u2019ormai storica manifestazione FIDAL, organizzata e promossa dalla Polisportiva Europa Messina, salter\u00e0, infatti, l\u2019edizione 2020 (6-12 settembre) a causa delle problematiche legate all\u2019emergenza sanitaria Covid-19 e delle conseguenti restrizioni normative anti-assembramento.<br \/>\n<div id=\"attachment_44558\" style=\"width: 276px\" class=\"wp-caption alignright\"><img aria-describedby=\"caption-attachment-44558\" loading=\"lazy\" class=\" wp-image-44558\" src=\"https:\/\/www.messinaoggi.it\/website\/wp-content\/uploads\/2020\/06\/Lorganizzatore-Costantino-Crisafulli-200x300.jpg\" alt=\"\" width=\"266\" height=\"399\" \/><p id=\"caption-attachment-44558\" class=\"wp-caption-text\">Il Presidente Costantino Crisafulli<\/p><\/div><br \/>\n <br \/>\n<em style=\"text-align: justify\">&#8220;Abbiamo atteso il possibile<\/em><span style=\"text-align: justify\"> &#8211; dichiara il\u00a0 \u00a0presidente della Polisportiva Europa Costantino Crisafulli &#8211; <\/span><em style=\"text-align: justify\">ragionando con l\u2019intero staff ed gli amici atleti su soluzioni alternative. Alla fine, si \u00e8 optato per questa decisione, che riteniamo, nonostante il dispiacere, la pi\u00f9 responsabile. <\/em><br \/>\n<em style=\"text-align: justify\">Adottare determinate prescrizioni avrebbe significato snaturare l\u2019evento, impedendoci di vivere il \u201cGiro delle Eolie\u201d con gioia e divertimento, come facciamo ormai dal lontano 2001, considerando anche che il soggiorno nell\u2019arcipelago di runners ed accompagnatori \u00e8 solitamente di almeno sette giorni.<\/em><br \/>\n<em style=\"text-align: justify\">Un vero peccato perch\u00e9 in molti ci avevano gi\u00e0 anticipato di non voler mancare al ventennale e noi per stimolarli ulteriormente avevamo inserito la novit\u00e0 della tappa di Stromboli. Il Coronavirus ha stravolto, per\u00f2, i piani\u201d.<\/em><br \/>\nQuali gli aspetti organizzativi critici?<br \/>\n<em>\u201cManca un protocollo specifico per le gare su strada e non sappiamo quando ricominceranno. Il tempo materiale per adeguarsi sarebbe, in ogni caso, insufficiente, considerando la logistica.<\/em><br \/>\n<em> Al di l\u00e0 di queste considerazioni tecniche <\/em>&#8211; conclude Crisafulli &#8211; <em>il \u201cGiro\u201d ha sempre voluto coniugare sport e turismo e, purtroppo, quest\u2019anno sarebbe molto complicato farlo in tranquillit\u00e0.<\/em><br \/>\n<em> L\u2019appuntamento \u00e8, comunque, soltanto posticipato e sono certo che lo gusteremo maggiormente\u201d.\u00a0\u00a0\u00a0\u00a0\u00a0\u00a0\u00a0\u00a0\u00a0\u00a0\u00a0\u00a0\u00a0\u00a0\u00a0\u00a0\u00a0\u00a0\u00a0\u00a0\u00a0\u00a0\u00a0\u00a0\u00a0\u00a0\u00a0\u00a0 <\/em><div id=\"div-gpt-ad-Messinaoggi.it-DSK-300x250-corpoart\" style=\"text-align:center;margin:0 auto;\"><\/div><\/p>\n<div id=\"videoincontent\" style=\"clear:both\";><\/div>","protected":false},"excerpt":{"rendered":"<p>L\u2019ormai storica manifestazione FIDAL, organizzata e promossa dalla Polisportiva Europa Messina, salter\u00e0 l\u2019edizione 2020 (6-12 settembre) a causa delle problematiche legate all\u2019emergenza sanitaria Covid-19 e delle conseguenti restrizioni normative anti-assembramento.\u00a0 \u00a0 \u00a0 Il \u201cGiro Podistico a Tappe delle Isole Eolie\u201d festegger\u00e0 nel 2021 l\u2019atteso ventesimo compleanno, esattamente nella settimana che andr\u00e0 dal 5 all\u201911 settembre. [&hellip;]<\/p>\n","protected":false},"author":17,"featured_media":44557,"comment_status":"closed","ping_status":"closed","sticky":false,"template":"","format":"standard","meta":{"ub_ctt_via":"","_mi_skip_tracking":false},"categories":[8,9],"tags":[239],"featured_image_src":"https:\/\/www.messinaoggi.it\/website\/wp-content\/uploads\/2020\/06\/Eolie-giro-podistico.jpg","author_info":{"display_name":"Giuseppe Luppino","author_link":"https:\/\/www.messinaoggi.it\/website\/author\/g-luppino\/"},"digistream_id":0,"digistream":false,"_links":{"self":[{"href":"https:\/\/www.messinaoggi.it\/website\/wp-json\/wp\/v2\/posts\/44556"}],"collection":[{"href":"https:\/\/www.messinaoggi.it\/website\/wp-json\/wp\/v2\/posts"}],"about":[{"href":"https:\/\/www.messinaoggi.it\/website\/wp-json\/wp\/v2\/types\/post"}],"author":[{"embeddable":true,"href":"https:\/\/www.messinaoggi.it\/website\/wp-json\/wp\/v2\/users\/17"}],"replies":[{"embeddable":true,"href":"https:\/\/www.messinaoggi.it\/website\/wp-json\/wp\/v2\/comments?post=44556"}],"version-history":[{"count":0,"href":"https:\/\/www.messinaoggi.it\/website\/wp-json\/wp\/v2\/posts\/44556\/revisions"}],"wp:featuredmedia":[{"embeddable":true,"href":"https:\/\/www.messinaoggi.it\/website\/wp-json\/wp\/v2\/media\/44557"}],"wp:attachment":[{"href":"https:\/\/www.messinaoggi.it\/website\/wp-json\/wp\/v2\/media?parent=44556"}],"wp:term":[{"taxonomy":"category","embeddable":true,"href":"https:\/\/www.messinaoggi.it\/website\/wp-json\/wp\/v2\/categories?post=44556"},{"taxonomy":"post_tag","embeddable":true,"href":"https:\/\/www.messinaoggi.it\/website\/wp-json\/wp\/v2\/tags?post=44556"}],"curies":[{"name":"wp","href":"https:\/\/api.w.org\/{rel}","templated":true}]}}