{"id":44546,"date":"2020-06-11T08:00:59","date_gmt":"2020-06-11T06:00:59","guid":{"rendered":"https:\/\/www.messinaoggi.it\/website\/?p=44546"},"modified":"2020-06-11T08:00:59","modified_gmt":"2020-06-11T06:00:59","slug":"vela-ripartono-le-scuole-della-federazione-italiana-vela-in-sicilia","status":"publish","type":"post","link":"https:\/\/www.messinaoggi.it\/website\/2020\/06\/11\/vela-ripartono-le-scuole-della-federazione-italiana-vela-in-sicilia\/","title":{"rendered":"VELA &#8211; Ripartono le scuole della Federazione italiana vela in Sicilia"},"content":{"rendered":"<h5><em><strong>\u201cRitrova la bussola\u201d: \u00e9 l&#8217;appello della Federazione Italiana Vela per rilanciare la pratica della vela.\u00a0<\/strong><\/em><\/h5>\n<p> <br \/>\nFinalmente, era ora! Era ora che Covid-19 mollasse la presa tenuto a distanza dalla solerzia e responsabilit\u00e0 dei cittadini che proteggendosi gli hanno impedito di trasmettersi ulteriormente.<br \/>\nLa vita riprende nelle citt\u00e0, nei posti di lavoro laddove possibile e, per quanto riguarda lo sport della vela, riprende nei Circoli Velici affiliati alla Federazione Italiana Vela (FIV) e riprende l\u2019attivit\u00e0 nel rispetto delle prescrizioni sanitarie e sociali.<br \/>\nPer la tanto attesa ripresa la FIV mette in campo una iniziativa davvero coinvolgente.<br \/>\nLo fa con un forte messaggio di promozione della stagione estiva delle Scuole Vela FIV in tutta Italia, come esempio concreto di ripartenza attraverso uno sport formativo, come quello della vela, sicuro e praticato in un ambiente salubre. Lo fa con lo slogan: \u201cRitrova la bussola\u201d, vai a vela.<br \/>\nSi tratta di un messaggio rivolto essenzialmente ai giovani, soprattutto a coloro che non hanno ancora scelto uno sport da praticare, e rivolto alle famiglie.<br \/>\n<div id=\"attachment_44549\" style=\"width: 433px\" class=\"wp-caption alignleft\"><img aria-describedby=\"caption-attachment-44549\" loading=\"lazy\" class=\" wp-image-44549\" src=\"https:\/\/www.messinaoggi.it\/website\/wp-content\/uploads\/2020\/06\/Francesco-Zappulla-Vela-300x225.jpg\" alt=\"\" width=\"423\" height=\"318\" \/><p id=\"caption-attachment-44549\" class=\"wp-caption-text\">Francesco Zappulla, presidente VII Zona FIV<\/p><\/div><br \/>\n\u00ab<em>La scuola vela \u00e8 il luogo in cui non si impara soltanto ad andare a vela, ma si imparano e si praticano i valori tipici dello sport e si perfezionano le pratiche della convivenza con spirito di solidariet\u00e0. Alla Scuola Vela<\/em> \u2013 sostiene il Presidente della VII Zona FIV Francesco Zappulla &#8211; <em>si apprendono, in tutta sicurezza, i primi elementi di una disciplina formativa con la quale i singoli allievi imparano a governare le proprie emozioni coniugandole con le situazioni che il mare ed il vento propongono, si convive con gli elementi della natura, imparando ad utilizzarli rispettandoli.\u00bb<\/em><br \/>\nIn effetti la Scuola Vela, come palestra di sport e di vita, \u00e8 una iniziativa fortemente accreditata in Sicilia (\u201cVII Zona\u201d per la FIV che ha diviso in Zone il territorio nazionale) dove negli anni scorsi sono stati considerevoli i numeri realizzati dalle singole Societ\u00e0 affiliate alla FIV, diffuse su tutto il territorio.<br \/>\nLa Sicilia, anche in questa occasione non viene meno alla propria tradizione e riparte con la Scuola Vela pronta a dare un contributo per raggiungere l\u2019obiettivo che la FIV si pone per il 2020.<strong>\u00bb<\/strong><br \/>\nMolti Circoli velici hanno gi\u00e0 avviato l\u2019attivit\u00e0 di Scuola Vela, numerosi altri lo faranno entro il 15 di Giugno.<br \/>\n<strong>\u00ab<\/strong><em>Nonostante le difficolt\u00e0 create dalla pandemia<\/em> \u2013 sostiene il Presidente del Comitato della VII Zona Francesco Zappulla \u2013<em> l\u2019avvio dell\u2019attivit\u00e0 delle Scuole vela della Sicilia \u00e8 gi\u00e0 avvenuto e procede speditamente con un numero di allievi molto lusinghiero. L\u2019attivit\u00e0 della Scuole Vela riprende con la massima garanzia di sicurezza grazie alla formazione speciale per Circoli e istruttori che costituisce una parte qualificante del Progetto &#8220;Ritrova la Bussola&#8221;<\/em>.<strong>\u00bb<\/strong><br \/>\nIl Progetto, infatti include, tra l\u2019altro, un programma di incontri, gi\u00e0 previsti nella Normativa Scuola Vela 2020 nel quadro degli aggiornamenti obbligatori per gli Affiliati e i loro Collaboratori, rimodulati in base alle esigenze legate al Covid-19.<br \/>\nIl progetto FIV ha come partner istituzionali \u201cKinder Joy of moving Ferrero\u201d e Mercedes-Benz ed \u00e8 in collaborazione con \u201cLuna Rossa Prada Pirelli Team\u201d.<br \/>\nLe famiglie o i singoli\u00a0 interessati al progetto Scuola Vela possono contattare i Circoli della loro zona scegliendoli dall\u2019elenco consultabile su:<br \/>\n<a href=\"http:\/\/vii-zona.federvela.it\/it\/content\/circoli-vii-zona-2020\">http:\/\/vii-zona.federvela.it\/it\/content\/circoli-vii-zona-2020<\/a><br \/>\n <div id=\"div-gpt-ad-Messinaoggi.it-DSK-300x250-corpoart\" style=\"text-align:center;margin:0 auto;\"><\/div><\/p>\n<div id=\"videoincontent\" style=\"clear:both\";><\/div>","protected":false},"excerpt":{"rendered":"<p>\u201cRitrova la bussola\u201d: \u00e9 l&#8217;appello della Federazione Italiana Vela per rilanciare la pratica della vela.\u00a0 Finalmente, era ora! Era ora che Covid-19 mollasse la presa tenuto a distanza dalla solerzia e responsabilit\u00e0 dei cittadini che proteggendosi gli hanno impedito di trasmettersi ulteriormente. La vita riprende nelle citt\u00e0, nei posti di lavoro laddove possibile e, per [&hellip;]<\/p>\n","protected":false},"author":17,"featured_media":44548,"comment_status":"closed","ping_status":"closed","sticky":false,"template":"","format":"standard","meta":{"ub_ctt_via":"","_mi_skip_tracking":false},"categories":[8,9],"tags":[238],"featured_image_src":"https:\/\/www.messinaoggi.it\/website\/wp-content\/uploads\/2020\/06\/LOGO-1.png","author_info":{"display_name":"Giuseppe Luppino","author_link":"https:\/\/www.messinaoggi.it\/website\/author\/g-luppino\/"},"digistream_id":0,"digistream":false,"_links":{"self":[{"href":"https:\/\/www.messinaoggi.it\/website\/wp-json\/wp\/v2\/posts\/44546"}],"collection":[{"href":"https:\/\/www.messinaoggi.it\/website\/wp-json\/wp\/v2\/posts"}],"about":[{"href":"https:\/\/www.messinaoggi.it\/website\/wp-json\/wp\/v2\/types\/post"}],"author":[{"embeddable":true,"href":"https:\/\/www.messinaoggi.it\/website\/wp-json\/wp\/v2\/users\/17"}],"replies":[{"embeddable":true,"href":"https:\/\/www.messinaoggi.it\/website\/wp-json\/wp\/v2\/comments?post=44546"}],"version-history":[{"count":0,"href":"https:\/\/www.messinaoggi.it\/website\/wp-json\/wp\/v2\/posts\/44546\/revisions"}],"wp:featuredmedia":[{"embeddable":true,"href":"https:\/\/www.messinaoggi.it\/website\/wp-json\/wp\/v2\/media\/44548"}],"wp:attachment":[{"href":"https:\/\/www.messinaoggi.it\/website\/wp-json\/wp\/v2\/media?parent=44546"}],"wp:term":[{"taxonomy":"category","embeddable":true,"href":"https:\/\/www.messinaoggi.it\/website\/wp-json\/wp\/v2\/categories?post=44546"},{"taxonomy":"post_tag","embeddable":true,"href":"https:\/\/www.messinaoggi.it\/website\/wp-json\/wp\/v2\/tags?post=44546"}],"curies":[{"name":"wp","href":"https:\/\/api.w.org\/{rel}","templated":true}]}}