{"id":4454,"date":"2017-07-11T11:04:12","date_gmt":"2017-07-11T09:04:12","guid":{"rendered":"http:\/\/www.messinaoggi.it\/website\/?p=4454"},"modified":"2017-07-11T11:04:12","modified_gmt":"2017-07-11T09:04:12","slug":"sottile-chi-appicca-incendi-deve-pagare","status":"publish","type":"post","link":"https:\/\/www.messinaoggi.it\/website\/2017\/07\/11\/sottile-chi-appicca-incendi-deve-pagare\/","title":{"rendered":"Sottile: \u201cChi appicca incendi deve pagare\u201d"},"content":{"rendered":"<p style=\"text-align: justify\">\u201cCi\u00f2 che i Messinesi chiedono pi\u00f9 di ogni altra cosa \u00e8 una presenza significativa dello Stato. Non solo nei soccorsi, come in buona misura sta avvenendo, o nel ritorno alla normalit\u00e0. Ma soprattutto nel contrasto ad un fenomeno criminale gravissimo, troppo trascurato, evidentemente, dagli inquirenti\u201d. \u00c8 l&#8217;appello alle istituzioni lanciato dal consigliere comunale Fabrizio Sottile in riferimento ai devastanti incendi che in questi giorni stanno distruggendo ampie aree di macchia mediterranea nel messinese, da nord a sud.<div id=\"div-gpt-ad-Messinaoggi.it-DSK-300x250-corpoart\" style=\"text-align:center;margin:0 auto;\"><\/div><\/p>\n<p style=\"text-align: justify\">\u201cNon \u00e8 ammissibile \u2013 continua il consigliere \u2013 che si ottengano risultati pressoch\u00e9 nulli. Chi sta bruciando deve pagare. \u00c8 necessario mettere in campo mezzi e strutture oltre ad una precisa volont\u00e0 nel contrasto e nella repressione. Chi appicca gli incendi \u00e8 un criminale, e il contrasto alla sua azione delinquenziale deve essere considerata una priorit\u00e0 da parte delle Forze dell&#8217;Ordine e della Magistratura. Questo si aspettano i cittadini, questo chiediamo tutti a gran voce\u201d.<div id=\"videoincontent\" style=\"clear:both\";><\/div><\/p>\n","protected":false},"excerpt":{"rendered":"<p>\u201cCi\u00f2 che i Messinesi chiedono pi\u00f9 di ogni altra cosa \u00e8 una presenza significativa dello Stato. Non solo nei soccorsi, come in buona misura sta avvenendo, o nel ritorno alla normalit\u00e0. Ma soprattutto nel contrasto ad un fenomeno criminale gravissimo, troppo trascurato, evidentemente, dagli inquirenti\u201d. \u00c8 l&#8217;appello alle istituzioni lanciato dal consigliere comunale Fabrizio Sottile [&hellip;]<\/p>\n","protected":false},"author":8,"featured_media":4342,"comment_status":"closed","ping_status":"open","sticky":false,"template":"","format":"standard","meta":{"ub_ctt_via":"","_mi_skip_tracking":false},"categories":[4],"tags":[],"featured_image_src":"https:\/\/www.messinaoggi.it\/website\/wp-content\/uploads\/2017\/07\/Incendio-1-9-7-17-2.jpg","author_info":{"display_name":"red..me","author_link":"https:\/\/www.messinaoggi.it\/website\/author\/redstage\/"},"digistream_id":0,"digistream":false,"_links":{"self":[{"href":"https:\/\/www.messinaoggi.it\/website\/wp-json\/wp\/v2\/posts\/4454"}],"collection":[{"href":"https:\/\/www.messinaoggi.it\/website\/wp-json\/wp\/v2\/posts"}],"about":[{"href":"https:\/\/www.messinaoggi.it\/website\/wp-json\/wp\/v2\/types\/post"}],"author":[{"embeddable":true,"href":"https:\/\/www.messinaoggi.it\/website\/wp-json\/wp\/v2\/users\/8"}],"replies":[{"embeddable":true,"href":"https:\/\/www.messinaoggi.it\/website\/wp-json\/wp\/v2\/comments?post=4454"}],"version-history":[{"count":0,"href":"https:\/\/www.messinaoggi.it\/website\/wp-json\/wp\/v2\/posts\/4454\/revisions"}],"wp:featuredmedia":[{"embeddable":true,"href":"https:\/\/www.messinaoggi.it\/website\/wp-json\/wp\/v2\/media\/4342"}],"wp:attachment":[{"href":"https:\/\/www.messinaoggi.it\/website\/wp-json\/wp\/v2\/media?parent=4454"}],"wp:term":[{"taxonomy":"category","embeddable":true,"href":"https:\/\/www.messinaoggi.it\/website\/wp-json\/wp\/v2\/categories?post=4454"},{"taxonomy":"post_tag","embeddable":true,"href":"https:\/\/www.messinaoggi.it\/website\/wp-json\/wp\/v2\/tags?post=4454"}],"curies":[{"name":"wp","href":"https:\/\/api.w.org\/{rel}","templated":true}]}}