{"id":44538,"date":"2020-06-10T16:32:58","date_gmt":"2020-06-10T14:32:58","guid":{"rendered":"https:\/\/www.messinaoggi.it\/website\/?p=44538"},"modified":"2020-06-10T16:32:58","modified_gmt":"2020-06-10T14:32:58","slug":"enpa-sui-fatti-di-torrenova-quel-cane-vittima-della-malvagita-umana","status":"publish","type":"post","link":"https:\/\/www.messinaoggi.it\/website\/2020\/06\/10\/enpa-sui-fatti-di-torrenova-quel-cane-vittima-della-malvagita-umana\/","title":{"rendered":"Enpa sui fatti di Torrenova: &quot;Quel cane vittima della malvagit\u00e0 umana&quot;"},"content":{"rendered":"<p>Ha avuto enorme eco l&#8217;assurda vicenda del cane colpito con la zappa e seppellito vivo da un 85enne di Torrenova, identificato e denunciato dai carabinieri, come abbiamo anticipato ieri sera. Per fortuna,\u00a0 l&#8217;animale \u00e8 stato salvato dal provvidenziale intervento di alcuni testimoni oculari.<br \/>\nIl presidente nazionale dell\u2019Ente nazionale protezione animali, Carla Rocchi, ha scritto al sindaco di Torrenova, Salvatore Castrovinci, che ha denunciato i fatti alle autorit\u00e0 competenti per ringraziarlo \u201cper la sua decisione immediata di individuare e perseguire, attraverso i mezzi a sua disposizione, l\u2019autore di una azione tanto crudele\u201d.<br \/>\nL\u2019Enpa si costituir\u00e0 parte civile ed \u00e8 pronta ad affiancare il Comune di Torrenova sia a livello comunicativo che legale in questa battaglia. \u201cVoglio rivolgere un grande e sentito ringraziamento \u2013 afferma Carla Rocchi \u2013 a tutti quei volontari che con coraggio e senso di responsabilit\u00e0 sono intervenuti in soccorso del cane, salvandogli la vita. La comunit\u00e0 di Torrenova si \u00e8 dimostrata sensibile e pronta a intervenire.<br \/>\nNon ci sono parole abbastanza forti per esprimere il disprezzo e l\u2019orrore per l\u2019azione che quest\u2019uomo di 85 anni avrebbe compiuto nei confronti del povero cane.<br \/>\nDi sicuro la nostra associazione andr\u00e0 fino in fondo e si costituir\u00e0 parte civile per avere giustizia nei confronti di questo essere indifeso, ennesima vittima della malvagit\u00e0 umana&#8221;.<div id=\"div-gpt-ad-Messinaoggi.it-DSK-300x250-corpoart\" style=\"text-align:center;margin:0 auto;\"><\/div><\/p>\n<div id=\"videoincontent\" style=\"clear:both\";><\/div>","protected":false},"excerpt":{"rendered":"<p>Ha avuto enorme eco l&#8217;assurda vicenda del cane colpito con la zappa e seppellito vivo da un 85enne di Torrenova, identificato e denunciato dai carabinieri, come abbiamo anticipato ieri sera. Per fortuna,\u00a0 l&#8217;animale \u00e8 stato salvato dal provvidenziale intervento di alcuni testimoni oculari. Il presidente nazionale dell\u2019Ente nazionale protezione animali, Carla Rocchi, ha scritto al [&hellip;]<\/p>\n","protected":false},"author":4,"featured_media":44539,"comment_status":"closed","ping_status":"closed","sticky":false,"template":"","format":"standard","meta":{"ub_ctt_via":"","_mi_skip_tracking":false},"categories":[13,14],"tags":[],"featured_image_src":"https:\/\/www.messinaoggi.it\/website\/wp-content\/uploads\/2020\/06\/Cane-sepolto.jpg","author_info":{"display_name":"redme","author_link":"https:\/\/www.messinaoggi.it\/website\/author\/redme\/"},"digistream_id":0,"digistream":false,"_links":{"self":[{"href":"https:\/\/www.messinaoggi.it\/website\/wp-json\/wp\/v2\/posts\/44538"}],"collection":[{"href":"https:\/\/www.messinaoggi.it\/website\/wp-json\/wp\/v2\/posts"}],"about":[{"href":"https:\/\/www.messinaoggi.it\/website\/wp-json\/wp\/v2\/types\/post"}],"author":[{"embeddable":true,"href":"https:\/\/www.messinaoggi.it\/website\/wp-json\/wp\/v2\/users\/4"}],"replies":[{"embeddable":true,"href":"https:\/\/www.messinaoggi.it\/website\/wp-json\/wp\/v2\/comments?post=44538"}],"version-history":[{"count":0,"href":"https:\/\/www.messinaoggi.it\/website\/wp-json\/wp\/v2\/posts\/44538\/revisions"}],"wp:featuredmedia":[{"embeddable":true,"href":"https:\/\/www.messinaoggi.it\/website\/wp-json\/wp\/v2\/media\/44539"}],"wp:attachment":[{"href":"https:\/\/www.messinaoggi.it\/website\/wp-json\/wp\/v2\/media?parent=44538"}],"wp:term":[{"taxonomy":"category","embeddable":true,"href":"https:\/\/www.messinaoggi.it\/website\/wp-json\/wp\/v2\/categories?post=44538"},{"taxonomy":"post_tag","embeddable":true,"href":"https:\/\/www.messinaoggi.it\/website\/wp-json\/wp\/v2\/tags?post=44538"}],"curies":[{"name":"wp","href":"https:\/\/api.w.org\/{rel}","templated":true}]}}