{"id":44498,"date":"2020-06-09T21:17:12","date_gmt":"2020-06-09T19:17:12","guid":{"rendered":"https:\/\/www.messinaoggi.it\/website\/?p=44498"},"modified":"2020-06-09T21:17:12","modified_gmt":"2020-06-09T19:17:12","slug":"manca-relazione-e-slitta-gara-dappalto-sos-del-comitato-salviamo-galati","status":"publish","type":"post","link":"https:\/\/www.messinaoggi.it\/website\/2020\/06\/09\/manca-relazione-e-slitta-gara-dappalto-sos-del-comitato-salviamo-galati\/","title":{"rendered":"Manca relazione geologica e slitta gara d&#039;appalto, Sos del comitato Salviamo Galati"},"content":{"rendered":"<p>Tanti proclami e pochi fatti, quanto basta per mandare su tutte le furie il Comitato Salviamo Galati. &#8220;Erano stati proprio i rappresentanti delle istituzioni a pronunciarsi in maniera ottimista, prevedendo gi\u00e0 per maggio l\u2019avvio dell\u2019iter della gara d\u2019appalto per il terzo lotto di lavori, invece con nostro grosso stupore in questi giorni scopriamo l\u2019assenza della relazione geologica, fondamentale per l\u2019avanzamento della procedura.<div id=\"div-gpt-ad-Messinaoggi.it-DSK-300x250-corpoart\" style=\"text-align:center;margin:0 auto;\"><\/div><\/p>\n<p style=\"font-weight: 400;\">Circa venti giorni fa l&#8217;Amministrazione comunale si dichiarava soddisfatta per i finanziamenti ottenuti e l&#8217;avanzamento dell&#8217;iter per la realizzazione dei cosiddetti &#8216;pennelli&#8217;, lavori definitivi, a salvaguardia dei litorali di Galati Marina e Santa Margherita.<div id=\"videoincontent\" style=\"clear:both\";><\/div><\/p>\n<p style=\"font-weight: 400;\">In tale occasione il Comitato, visti i precedenti e gi\u00e0 noti ritardi, si riservava dal mostrare eccessiva soddisfazione. Evidentemente non si sbagliava, oggi si dovrebbe essere gi\u00e0 in dirittura d&#8217;arrivo per l&#8217;avvio dei lavori (si era parlato di giugno), invece non \u00e8 stata ancora indetta neppure la gara d&#8217;appalto in quanto la documentazione, che deve essere fornita dagli uffici comunali, relativa al progetto, \u00e8 ancora incompleta.<\/p>\n<p style=\"font-weight: 400;\">Alla luce dei fatti si fanno avanti altri dubbi in merito a possibili ulteriori carenze documentali che rallenterebbero ancora il tutto, potendo cos\u00ec giungere alla fine dell&#8217;anno, prima che il progetto venga cantierato, cosa che potrebbe determinare la chiusura del periodo di validit\u00e0 previsto dal &#8220;Patto per il Sud 2014-20&#8221;, da cui dipendono i fondi per l&#8217;esecuzione dei lavori.<\/p>\n<p style=\"font-weight: 400;\">Avevamo chiesto che i lavori venissero avviati prima dell&#8217;arrivo delle note mareggiate di settembre, invece, stando cos\u00ec le cose Galati Marina \u00e8 destinata a rinunciare alla propria sicurezza ancora per molto, oltrech\u00e9 \u00a0privata del diritto alla balneazione per questo ed i prossimi anni&#8221;.<\/p>\n<p> <\/p>\n","protected":false},"excerpt":{"rendered":"<p>Tanti proclami e pochi fatti, quanto basta per mandare su tutte le furie il Comitato Salviamo Galati. &#8220;Erano stati proprio i rappresentanti delle istituzioni a pronunciarsi in maniera ottimista, prevedendo gi\u00e0 per maggio l\u2019avvio dell\u2019iter della gara d\u2019appalto per il terzo lotto di lavori, invece con nostro grosso stupore in questi giorni scopriamo l\u2019assenza della [&hellip;]<\/p>\n","protected":false},"author":4,"featured_media":40281,"comment_status":"closed","ping_status":"closed","sticky":false,"template":"","format":"standard","meta":{"ub_ctt_via":"","_mi_skip_tracking":false},"categories":[6],"tags":[],"featured_image_src":"https:\/\/www.messinaoggi.it\/website\/wp-content\/uploads\/2020\/02\/erosione-galati.jpeg","author_info":{"display_name":"redme","author_link":"https:\/\/www.messinaoggi.it\/website\/author\/redme\/"},"digistream_id":0,"digistream":false,"_links":{"self":[{"href":"https:\/\/www.messinaoggi.it\/website\/wp-json\/wp\/v2\/posts\/44498"}],"collection":[{"href":"https:\/\/www.messinaoggi.it\/website\/wp-json\/wp\/v2\/posts"}],"about":[{"href":"https:\/\/www.messinaoggi.it\/website\/wp-json\/wp\/v2\/types\/post"}],"author":[{"embeddable":true,"href":"https:\/\/www.messinaoggi.it\/website\/wp-json\/wp\/v2\/users\/4"}],"replies":[{"embeddable":true,"href":"https:\/\/www.messinaoggi.it\/website\/wp-json\/wp\/v2\/comments?post=44498"}],"version-history":[{"count":0,"href":"https:\/\/www.messinaoggi.it\/website\/wp-json\/wp\/v2\/posts\/44498\/revisions"}],"wp:featuredmedia":[{"embeddable":true,"href":"https:\/\/www.messinaoggi.it\/website\/wp-json\/wp\/v2\/media\/40281"}],"wp:attachment":[{"href":"https:\/\/www.messinaoggi.it\/website\/wp-json\/wp\/v2\/media?parent=44498"}],"wp:term":[{"taxonomy":"category","embeddable":true,"href":"https:\/\/www.messinaoggi.it\/website\/wp-json\/wp\/v2\/categories?post=44498"},{"taxonomy":"post_tag","embeddable":true,"href":"https:\/\/www.messinaoggi.it\/website\/wp-json\/wp\/v2\/tags?post=44498"}],"curies":[{"name":"wp","href":"https:\/\/api.w.org\/{rel}","templated":true}]}}