{"id":4431,"date":"2017-07-11T07:09:24","date_gmt":"2017-07-11T05:09:24","guid":{"rendered":"http:\/\/www.messinaoggi.it\/website\/?p=4431"},"modified":"2017-07-11T07:09:24","modified_gmt":"2017-07-11T05:09:24","slug":"incendi-emergenza-rientrata-a-messina-danni-incalcolabili","status":"publish","type":"post","link":"https:\/\/www.messinaoggi.it\/website\/2017\/07\/11\/incendi-emergenza-rientrata-a-messina-danni-incalcolabili\/","title":{"rendered":"Incendi a Messina: avvistati focolai e torna l&#039;incubo"},"content":{"rendered":"<p>Qualche focolaio e torna l&#8217;incubo incendi anche se il peggio sembra passato. Il condizionale \u00e8 d&#8217;obbligo, ma in questi casi la prudenza non \u00e8 mai troppa. In mattinata, colonne di fumo sono state notate in contrada Catanese (Annunziata alta), a San Licandro, nel villaggio Ritiro ed Campo Italia. Situazione al momento sotto controllo, ma basta poco per far scattare la paura.<br \/>\nNulla o quasi rispetto all&#8217;inferno che per oltre 24 ore ha messo in ginocchio la citt\u00e0 dello Stretto, cinta in una morsa di fuoco mai vista. I Canadair, con l&#8217;incombere dell&#8217;oscurit\u00e0, hanno smesso di &#8220;bombardare&#8221; d&#8217;acqua le colline peloritane, ma il pi\u00f9 grosso era fatto.<br \/>\nSono stati i Vigili del fuoco, da terra, a concludere gli interventi di una giornata vissuta con il fiato ed il fumo in gola. Terrore da nord a sud con interi villaggi assediati e minacciati dalle &#8220;lingue di fuoco&#8221; che hanno divorato ettari ed ettari di macchia mediterranea. Danni incalcolabili.<br \/>\nSotto controllo, ma comunque monitorata, la situazione\u00a0a Monte Ciccia e \u00a0Tremonti, dove nel tardo pomeriggio di ieri erano state fatte evacuare alcune famiglie, le cui abitazioni stavano per essere raggiunte dalle fiamme; analogo discorso per gli abitanti di alcune palazzine\u00a0all&#8217;Annunziata. Precauzionalmente chiuso il polo universitario ed il maneggio con i cavalli costretti ad un nuovo trasferimento.<br \/>\nL&#8217;ultimo intervento di una certa rilevanza, in ordine di tempo, \u00e8 stato quello dei Vigili del fuoco a Poggio dei Pini, dove comunque non c&#8217;\u00e8 mai stato pericoloso per l&#8217;abitato.<br \/>\n<strong>Rete elettrica ripristinata.\u00a0<\/strong>E&#8217; stato ripristinata la rete elettrica, dopo l&#8217;interruzione causata dagli incendi che hanno devastato le colline attorno al capoluogo. Lo ha reso noto E-distribuzione, la societ\u00e0 del Gruppo Enel che gestisce in Italia la rete elettrica. Lo spegnimento dei roghi ha consentito di rimettere in servizio alcune linee in media ed alta Tensione.<br \/>\nL&#8217;emergenza era scattata in seguito alla richiesta delle autorit\u00e0 competenti hanno chiesto di staccare le due linee dell&#8217;Alta Tensione che alimentano la cabina primaria &#8220;Riviera&#8221;, per consentire ai Canadair di effettuare in sicurezza gli interventi di spegnimento.<br \/>\nI tecnici di E-distribuzione hanno provveduto a rialimentare la cabina tramite proprie linee a media tensione. Queste manovre, seppur sottoponendo a un forte stress gli impianti dell&#8217;azienda, hanno consentito di limitare i disagi per cittadini e imprese, garantendo quasi a tutti il servizio elettrico.<div id=\"div-gpt-ad-Messinaoggi.it-DSK-300x250-corpoart\" style=\"text-align:center;margin:0 auto;\"><\/div><\/p>\n<div id=\"videoincontent\" style=\"clear:both\";><\/div>","protected":false},"excerpt":{"rendered":"<p>Qualche focolaio e torna l&#8217;incubo incendi anche se il peggio sembra passato. Il condizionale \u00e8 d&#8217;obbligo, ma in questi casi la prudenza non \u00e8 mai troppa. In mattinata, colonne di fumo sono state notate in contrada Catanese (Annunziata alta), a San Licandro, nel villaggio Ritiro ed Campo Italia. Situazione al momento sotto controllo, ma basta [&hellip;]<\/p>\n","protected":false},"author":2,"featured_media":4477,"comment_status":"closed","ping_status":"open","sticky":false,"template":"","format":"standard","meta":{"ub_ctt_via":"","_mi_skip_tracking":false},"categories":[19],"tags":[],"featured_image_src":"https:\/\/www.messinaoggi.it\/website\/wp-content\/uploads\/2017\/07\/canadair-in-azione-3-2.jpg","author_info":{"display_name":"Redazione","author_link":"https:\/\/www.messinaoggi.it\/website\/author\/redazione\/"},"digistream_id":0,"digistream":false,"_links":{"self":[{"href":"https:\/\/www.messinaoggi.it\/website\/wp-json\/wp\/v2\/posts\/4431"}],"collection":[{"href":"https:\/\/www.messinaoggi.it\/website\/wp-json\/wp\/v2\/posts"}],"about":[{"href":"https:\/\/www.messinaoggi.it\/website\/wp-json\/wp\/v2\/types\/post"}],"author":[{"embeddable":true,"href":"https:\/\/www.messinaoggi.it\/website\/wp-json\/wp\/v2\/users\/2"}],"replies":[{"embeddable":true,"href":"https:\/\/www.messinaoggi.it\/website\/wp-json\/wp\/v2\/comments?post=4431"}],"version-history":[{"count":0,"href":"https:\/\/www.messinaoggi.it\/website\/wp-json\/wp\/v2\/posts\/4431\/revisions"}],"wp:featuredmedia":[{"embeddable":true,"href":"https:\/\/www.messinaoggi.it\/website\/wp-json\/wp\/v2\/media\/4477"}],"wp:attachment":[{"href":"https:\/\/www.messinaoggi.it\/website\/wp-json\/wp\/v2\/media?parent=4431"}],"wp:term":[{"taxonomy":"category","embeddable":true,"href":"https:\/\/www.messinaoggi.it\/website\/wp-json\/wp\/v2\/categories?post=4431"},{"taxonomy":"post_tag","embeddable":true,"href":"https:\/\/www.messinaoggi.it\/website\/wp-json\/wp\/v2\/tags?post=4431"}],"curies":[{"name":"wp","href":"https:\/\/api.w.org\/{rel}","templated":true}]}}