{"id":44278,"date":"2020-06-02T19:47:52","date_gmt":"2020-06-02T17:47:52","guid":{"rendered":"https:\/\/www.messinaoggi.it\/website\/?p=44278"},"modified":"2020-06-02T19:47:52","modified_gmt":"2020-06-02T17:47:52","slug":"musumeci-firma-via-libera-da-e-per-la-sicilia","status":"publish","type":"post","link":"https:\/\/www.messinaoggi.it\/website\/2020\/06\/02\/musumeci-firma-via-libera-da-e-per-la-sicilia\/","title":{"rendered":"Musumeci firma, via libera da e per la Sicilia"},"content":{"rendered":"<p style=\"text-align: justify;\">Semaforo verde alla mobilit\u00e0 tra regioni e stop alla quarantena anche in Sicilia. Lo stabiliscono un decreto ministeriale e un\u2019ordinanza del presidente Nello Musumeci.<div id=\"div-gpt-ad-Messinaoggi.it-DSK-300x250-corpoart\" style=\"text-align:center;margin:0 auto;\"><\/div><\/p>\n<p style=\"text-align: justify;\">Il ministro per le Infrastrutture, di intesa col ministro per la Salute, ha provveduto a regolamentare la mobilit\u00e0 su tutto il territorio nazionale ed i controlli sanitari nei porti e aeroporti.<div id=\"videoincontent\" style=\"clear:both\";><\/div><\/p>\n<p style=\"text-align: justify;\">Con la sua ordinanza, Musumeci ha confermato la apertura della stagione balneare a partire dal 6 giugno; ha dato disco verde a tutte le attivit\u00e0 gi\u00e0 autorizzate, ma soprattutto ha posto fine alla quarantena obbligatoria per quanti fanno rientro in Sicilia a partire da domani (3 giugno), per i quali permarr\u00e0 la sorveglianza sanitaria e l\u2019obbligo di avvisare il medico di famiglia in caso di insorgenza di sintomi riconducibili al Covid.<\/p>\n<p style=\"text-align: justify;\">L\u2019ordinanza allenta in maniera significativa le restrizioni previste per contenere il coronavirus, senza tralasciare l\u2019importanza dei controlli e della registrazione sui portali dedicati per tutti coloro che fanno rientro nell\u2019Isola.<\/p>\n<p style=\"text-align: justify;\">\u201cCi uniformiamo alle direttive nazionali \u2013 ha detto Musumeci \u2013 non senza rivendicare la specificit\u00e0 di alcune misure regionali. Che sono importanti anzitutto per dare serenit\u00e0 a quanti arrivano nell\u2019Isola. Il sistema sanitario deve essere il motore della ripartenza, ma abbiamo il compito di infondere sicurezza e serenit\u00e0 ai cittadini, senza dimenticare l\u2019epidemia, ma provando a rimettere in moto le attivit\u00e0 produttive e turistiche\u201d.<\/p>\n<p style=\"text-align: justify;\">In Sicilia, quindi, il via libera agli spostamenti infra e interregionali si accompagna a precise regole che saranno contenute nel progetto SiciliaSiCura, che verr\u00e0 presentato, a Palazzo Orleans dal presidente Musumeci con Guido Bertolaso, ex capo della protezione civile la cui presenza in Sicilia ha provocato grandi polemiche.<\/p>\n<p style=\"text-align: justify;\">Poco prima il governatore incontrer\u00e0 le associazioni di categoria perch\u00e9, ha chiarito, \u201cla Regione vuole essere un supporto concreto e non un limite. Vogliamo dare competitivit\u00e0 al nostro sistema e sicurezza nei comportamenti collettivi e individuali\u201d.<\/p>\n<p style=\"text-align: justify;\">L\u2019ordinanza pubblicata oggi, inoltre, contiene novit\u00e0 per chi lavora in Sicilia e deve muoversi sul territorio nazionale (e viceversa): anche se non \u00e8 pi\u00f9 obbligatoria la quarantena, restano alti i controlli da parte dei dipartimenti di prevenzione delle Asp territoriali.<\/p>\n<p style=\"text-align: justify;\">Fra le novit\u00e0, anche il via libera da domani a piscine e strutture termali che erogano i cosiddetti Lea (Livelli essenziali di assistenza). Consentite pure le lezioni pratiche delle autoscuole e per il conseguimento delle patenti nautiche. Confermato anche il riavvio dell\u2019attivit\u00e0 di catering, a partire dal prossimo 8 giugno.<\/p>\n<p style=\"text-align: justify;\">Ovviamente, permangono gli obblighi di osservanza delle misure di contenimento del contagio, come ad esempio la disponibilit\u00e0 della mascherina, che ogni cittadino dovr\u00e0 tenere sempre con s\u00e9 e usare quando viene meno il distanziamento interpersonale.<\/p>\n<p style=\"text-align: justify;\">Per quanto riguarda i centri commerciali e i supermercati, l\u2019apertura nei giorni festivi sar\u00e0 regolamentata, entro sabato 6 giugno, in base alle indicazioni che organizzazioni datoriali e sindacali, gi\u00e0 attivate, forniranno al dipartimento regionale delle Attivit\u00e0 produttive.<\/p>\n","protected":false},"excerpt":{"rendered":"<p>Semaforo verde alla mobilit\u00e0 tra regioni e stop alla quarantena anche in Sicilia. Lo stabiliscono un decreto ministeriale e un\u2019ordinanza del presidente Nello Musumeci. Il ministro per le Infrastrutture, di intesa col ministro per la Salute, ha provveduto a regolamentare la mobilit\u00e0 su tutto il territorio nazionale ed i controlli sanitari nei porti e aeroporti. [&hellip;]<\/p>\n","protected":false},"author":4,"featured_media":43180,"comment_status":"closed","ping_status":"closed","sticky":false,"template":"","format":"standard","meta":{"ub_ctt_via":"","_mi_skip_tracking":false},"categories":[221],"tags":[],"featured_image_src":"https:\/\/www.messinaoggi.it\/website\/wp-content\/uploads\/2020\/05\/musumeci.jpg","author_info":{"display_name":"redme","author_link":"https:\/\/www.messinaoggi.it\/website\/author\/redme\/"},"digistream_id":0,"digistream":false,"_links":{"self":[{"href":"https:\/\/www.messinaoggi.it\/website\/wp-json\/wp\/v2\/posts\/44278"}],"collection":[{"href":"https:\/\/www.messinaoggi.it\/website\/wp-json\/wp\/v2\/posts"}],"about":[{"href":"https:\/\/www.messinaoggi.it\/website\/wp-json\/wp\/v2\/types\/post"}],"author":[{"embeddable":true,"href":"https:\/\/www.messinaoggi.it\/website\/wp-json\/wp\/v2\/users\/4"}],"replies":[{"embeddable":true,"href":"https:\/\/www.messinaoggi.it\/website\/wp-json\/wp\/v2\/comments?post=44278"}],"version-history":[{"count":0,"href":"https:\/\/www.messinaoggi.it\/website\/wp-json\/wp\/v2\/posts\/44278\/revisions"}],"wp:featuredmedia":[{"embeddable":true,"href":"https:\/\/www.messinaoggi.it\/website\/wp-json\/wp\/v2\/media\/43180"}],"wp:attachment":[{"href":"https:\/\/www.messinaoggi.it\/website\/wp-json\/wp\/v2\/media?parent=44278"}],"wp:term":[{"taxonomy":"category","embeddable":true,"href":"https:\/\/www.messinaoggi.it\/website\/wp-json\/wp\/v2\/categories?post=44278"},{"taxonomy":"post_tag","embeddable":true,"href":"https:\/\/www.messinaoggi.it\/website\/wp-json\/wp\/v2\/tags?post=44278"}],"curies":[{"name":"wp","href":"https:\/\/api.w.org\/{rel}","templated":true}]}}