{"id":44251,"date":"2020-06-02T06:30:19","date_gmt":"2020-06-02T04:30:19","guid":{"rendered":"https:\/\/www.messinaoggi.it\/website\/?p=44251"},"modified":"2020-06-02T06:30:19","modified_gmt":"2020-06-02T04:30:19","slug":"madonna-della-lettera-le-celebrazioni-ai-tempi-del-covid","status":"publish","type":"post","link":"https:\/\/www.messinaoggi.it\/website\/2020\/06\/02\/madonna-della-lettera-le-celebrazioni-ai-tempi-del-covid\/","title":{"rendered":"Madonna della Lettera, le celebrazioni ai tempi del Covid"},"content":{"rendered":"<p align=\"justify\">Madonna della Lettera condizionata dall&#8217;emergenza Coronavirus. In occasione della solennit\u00e0 di S. Maria della Lettera, patrona della citt\u00e0 di Messina e dell\u2019arcidiocesi, l\u2019arcivescovo Giovanni Accolla presieder\u00e0 le seguenti celebrazioni in Cattedrale. Stasera, alle 19.30, si conincia con i cosiddetti Primi Vespri della Solennit\u00e0.<div id=\"div-gpt-ad-Messinaoggi.it-DSK-300x250-corpoart\" style=\"text-align:center;margin:0 auto;\"><\/div><\/p>\n<p align=\"justify\">Domani alle 10.30 \u00e8 previsto il Solenne Pontificale, con la partecipazione del Capitolo della Basilica Cattedrale, delle autorit\u00e0 civili e militari e di una rappresentanza del presbiterio dell\u2019arcidiocesi. Alle 21 sono invece previsti i Misteri meditati del Rosario<div id=\"videoincontent\" style=\"clear:both\";><\/div><\/p>\n<p align=\"justify\">Le celebrazioni si svolgeranno nel rispetto della normativa vigente in materia di Coronavirus.<\/p>\n<p align=\"justify\">Il numero massimo di fedeli che potranno accedere in Cattedrale per ogni singola celebrazione \u00e8 di 200 persone.<\/p>\n","protected":false},"excerpt":{"rendered":"<p>Madonna della Lettera condizionata dall&#8217;emergenza Coronavirus. In occasione della solennit\u00e0 di S. Maria della Lettera, patrona della citt\u00e0 di Messina e dell\u2019arcidiocesi, l\u2019arcivescovo Giovanni Accolla presieder\u00e0 le seguenti celebrazioni in Cattedrale. Stasera, alle 19.30, si conincia con i cosiddetti Primi Vespri della Solennit\u00e0. Domani alle 10.30 \u00e8 previsto il Solenne Pontificale, con la partecipazione del [&hellip;]<\/p>\n","protected":false},"author":4,"featured_media":33375,"comment_status":"closed","ping_status":"closed","sticky":false,"template":"","format":"standard","meta":{"ub_ctt_via":"","_mi_skip_tracking":false},"categories":[221],"tags":[],"featured_image_src":"https:\/\/www.messinaoggi.it\/website\/wp-content\/uploads\/2019\/06\/90AAAEAD-3F21-4328-9134-9E008D9DC5C5.jpeg","author_info":{"display_name":"redme","author_link":"https:\/\/www.messinaoggi.it\/website\/author\/redme\/"},"digistream_id":0,"digistream":false,"_links":{"self":[{"href":"https:\/\/www.messinaoggi.it\/website\/wp-json\/wp\/v2\/posts\/44251"}],"collection":[{"href":"https:\/\/www.messinaoggi.it\/website\/wp-json\/wp\/v2\/posts"}],"about":[{"href":"https:\/\/www.messinaoggi.it\/website\/wp-json\/wp\/v2\/types\/post"}],"author":[{"embeddable":true,"href":"https:\/\/www.messinaoggi.it\/website\/wp-json\/wp\/v2\/users\/4"}],"replies":[{"embeddable":true,"href":"https:\/\/www.messinaoggi.it\/website\/wp-json\/wp\/v2\/comments?post=44251"}],"version-history":[{"count":0,"href":"https:\/\/www.messinaoggi.it\/website\/wp-json\/wp\/v2\/posts\/44251\/revisions"}],"wp:featuredmedia":[{"embeddable":true,"href":"https:\/\/www.messinaoggi.it\/website\/wp-json\/wp\/v2\/media\/33375"}],"wp:attachment":[{"href":"https:\/\/www.messinaoggi.it\/website\/wp-json\/wp\/v2\/media?parent=44251"}],"wp:term":[{"taxonomy":"category","embeddable":true,"href":"https:\/\/www.messinaoggi.it\/website\/wp-json\/wp\/v2\/categories?post=44251"},{"taxonomy":"post_tag","embeddable":true,"href":"https:\/\/www.messinaoggi.it\/website\/wp-json\/wp\/v2\/tags?post=44251"}],"curies":[{"name":"wp","href":"https:\/\/api.w.org\/{rel}","templated":true}]}}