{"id":44214,"date":"2020-06-01T11:29:47","date_gmt":"2020-06-01T09:29:47","guid":{"rendered":"https:\/\/www.messinaoggi.it\/website\/?p=44214"},"modified":"2020-06-01T11:29:47","modified_gmt":"2020-06-01T09:29:47","slug":"sbaraccamento-il-centro-sinistra-siamo-certi-che-si-fara","status":"publish","type":"post","link":"https:\/\/www.messinaoggi.it\/website\/2020\/06\/01\/sbaraccamento-il-centro-sinistra-siamo-certi-che-si-fara\/","title":{"rendered":"Sbaraccamento, il centro sinistra: &quot;Siamo certi che si far\u00e0&quot;"},"content":{"rendered":"<p>Il ministro per il Sud, il dem Giuseppe Provenzano, ha recentemente sollevato alcune perplessit\u00e0 sulla fattibilit\u00e0 tecnica del risanamento di Messina, e tanto \u00e8 bastato per sollevare un polverone di polemiche, che ha costretto gli esponenti del centro-sinistra locale e regionale a rassicurare che lo sbaraccamento della citt\u00e0 si far\u00e0.<br \/>\nLa scorsa settimana il messinese Pietro Navarra, deputato alla Camera in quota Pd, ha annunciato che sarebbe stata presentata in Commissione Ambiente una proposta di legge relativa al risanamento di Messina, che avrebbe accorpato in un unico testo normativo quattro proposte di legge analoghe presentate dalle varie forze politiche (una del Pd, una del Movimento 5 Stelle, una di Fratelli d\u2019Italia e l\u2019altra di Forza Italia). Tuttavia, il ministro per il Sud, durante una puntata di \u201cScirocco\u201d andata in onda su Rtp, ha spiegato che lo sbaraccamento cos\u00ec come proposto potrebbe comportare delle problematiche sotto il profilo giuridico, da ricondurre fondamentalmente alla ripartizione delle competenze al riguardo tra Stato e Regione. &#8220;Ci sono problemi di natura costituzionale, la legge speciale potrebbe non essere la strada giusta&#8221;, ha dichiarato Provenzano.<br \/>\n\u201cComprendiamo le difficolt\u00e0 di trovare risorse e strumenti adeguati di cui ha parlato il ministro Provenzano in una sua recente intervista, ma non giustifichiamo alcun atteggiamento che non sia spinto da impegno e determinazione. \u2013 dichiara il presidente del Consiglio Comunale Claudio Cardile &#8211; L\u2019unico strumento, per superare le criticit\u00e0 di carattere giuridico ed economico, \u00e8 la volont\u00e0 politica di andare avanti e trovare le soluzioni. Una politica con la \u2018P\u2019 maiuscola, competente e all\u2019altezza del compito che non si ferma di fronte alle difficolt\u00e0, ma le affronta e le supera. Siamo fiduciosi che in tempi brevi il governo nazionale, insieme a quello regionale, possano di comune intesa, dare il contributo decisivo per mettere fine al degrado ambientale, economico e sociale di una intera comunit\u00e0\u201d.<br \/>\nSulla stessa lunghezza d\u2019onda il gruppo in Consiglio Comunale di LiberaMe: \u201cSiamo fiduciosi che il ministro potr\u00e0 utilmente superare queste difficolt\u00e0, anche attraverso una costante e fruttuosa interlocuzione con l\u2019onorevole Navarra, la cui determinazione e concretezza conosciamo bene e nei confronti del quale riponiamo tutta la nostra fiducia. Il Partito Democratico e i ministri che ne sono espressione al governo del Paese hanno il dovere di affrontare una vergogna nazionale che per troppo tempo \u00e8 stata da tutti dimenticata\u201d, dichiara il capogruppo di LiberaMe Biagio Bonfigli.<br \/>\n\u201cLa posizione espressa dal ministro per il Sud, Giuseppe Provenzano, in merito alle strategie che il governo nazionale adotter\u00e0 per risolvere, dopo quasi mezzo secolo, l\u2019emergenza baracche a Messina, non devono in alcun modo &#8211; afferma in una nota Franco De Domenico, deputato regionale del Partito Democratico &#8211; fare temere alcun rallentamento delle attivit\u00e0 finalizzate a mettere a punto un reale e concreto piano d\u2019intervento che possa mettere la parola fine a questa vergognosa vicenda. Il Ministro ha, da tecnico, solamente evidenziato alcune problematiche giuridiche, sulle quali sicuramente occorrer\u00e0 lavorare. Ribadisco, pertanto, piena fiducia nell&#8217;azione del Governo nazionale che, forte del sostegno e della determinazione dei nostri parlamentari, dopo anni di silenzio, ha finalmente deciso di affrontare l\u2019annosa questione baracche, non attraverso effetti annuncio utili solo a fini propagandistici, come \u00e8 stato fatto finora da tutti, bens\u00ec con la massima attenzione e la volont\u00e0 di mettere in atto una progettualit\u00e0 che risulti vincente e dia risposte a chi ogni giorno vive in una condizione ambientale inconcepibile in un paese civile, ostaggio di chi ha avuto interesse a lasciarli per troppo tempo in uno stato di bisogno\u201d.<div id=\"div-gpt-ad-Messinaoggi.it-DSK-300x250-corpoart\" style=\"text-align:center;margin:0 auto;\"><\/div><\/p>\n<div id=\"videoincontent\" style=\"clear:both\";><\/div>","protected":false},"excerpt":{"rendered":"<p>Il ministro per il Sud, il dem Giuseppe Provenzano, ha recentemente sollevato alcune perplessit\u00e0 sulla fattibilit\u00e0 tecnica del risanamento di Messina, e tanto \u00e8 bastato per sollevare un polverone di polemiche, che ha costretto gli esponenti del centro-sinistra locale e regionale a rassicurare che lo sbaraccamento della citt\u00e0 si far\u00e0. La scorsa settimana il messinese [&hellip;]<\/p>\n","protected":false},"author":11,"featured_media":22849,"comment_status":"closed","ping_status":"closed","sticky":false,"template":"","format":"standard","meta":{"ub_ctt_via":"","_mi_skip_tracking":false},"categories":[4],"tags":[],"featured_image_src":"https:\/\/www.messinaoggi.it\/website\/wp-content\/uploads\/2018\/08\/baracche-Messina-tetti-messinaoggiMR-1.jpg","author_info":{"display_name":"redsport","author_link":"https:\/\/www.messinaoggi.it\/website\/author\/redsport\/"},"digistream_id":0,"digistream":false,"_links":{"self":[{"href":"https:\/\/www.messinaoggi.it\/website\/wp-json\/wp\/v2\/posts\/44214"}],"collection":[{"href":"https:\/\/www.messinaoggi.it\/website\/wp-json\/wp\/v2\/posts"}],"about":[{"href":"https:\/\/www.messinaoggi.it\/website\/wp-json\/wp\/v2\/types\/post"}],"author":[{"embeddable":true,"href":"https:\/\/www.messinaoggi.it\/website\/wp-json\/wp\/v2\/users\/11"}],"replies":[{"embeddable":true,"href":"https:\/\/www.messinaoggi.it\/website\/wp-json\/wp\/v2\/comments?post=44214"}],"version-history":[{"count":0,"href":"https:\/\/www.messinaoggi.it\/website\/wp-json\/wp\/v2\/posts\/44214\/revisions"}],"wp:featuredmedia":[{"embeddable":true,"href":"https:\/\/www.messinaoggi.it\/website\/wp-json\/wp\/v2\/media\/22849"}],"wp:attachment":[{"href":"https:\/\/www.messinaoggi.it\/website\/wp-json\/wp\/v2\/media?parent=44214"}],"wp:term":[{"taxonomy":"category","embeddable":true,"href":"https:\/\/www.messinaoggi.it\/website\/wp-json\/wp\/v2\/categories?post=44214"},{"taxonomy":"post_tag","embeddable":true,"href":"https:\/\/www.messinaoggi.it\/website\/wp-json\/wp\/v2\/tags?post=44214"}],"curies":[{"name":"wp","href":"https:\/\/api.w.org\/{rel}","templated":true}]}}