{"id":44190,"date":"2020-05-31T19:48:35","date_gmt":"2020-05-31T17:48:35","guid":{"rendered":"https:\/\/www.messinaoggi.it\/website\/?p=44190"},"modified":"2020-05-31T19:48:35","modified_gmt":"2020-05-31T17:48:35","slug":"clinicamente-il-covid-non-esiste-piu","status":"publish","type":"post","link":"https:\/\/www.messinaoggi.it\/website\/2020\/05\/31\/clinicamente-il-covid-non-esiste-piu\/","title":{"rendered":"&quot;Clinicamente il Covid 19 non esiste pi\u00f9&quot;. Cts: &quot;Sconcertante&quot;"},"content":{"rendered":"<p style=\"margin: 0px 0px 20px; font-family: 'Open Sans'; color: #383838;\">\u201cClinicamente il nuovo coronavirus non esiste pi\u00f9\u201d. Mentre il numero dei malati cala in tutte le regioni, Alberto Zangrillo, direttore terapia intensiva del San Raffaele di Milano, a \u20181\/2 ora in pi\u00f9\u2019 decreta la fine del Covid.<div id=\"div-gpt-ad-Messinaoggi.it-DSK-300x250-corpoart\" style=\"text-align:center;margin:0 auto;\"><\/div><\/p>\n<p style=\"margin: 0px 0px 20px; font-family: 'Open Sans'; color: #383838;\">\u201cCirca un mese fa sentivamo epidemiologi temere a fine mese-inizio giugno una nuova ondata e chiss\u00e0 quanti posti di terapia intensiva da occupare. In realt\u00e0 il virus dal punto di vista clinico non esiste pi\u00f9. Questo lo dice l\u2019universit\u00e0 Vita e Salute San Raffaele, lo dice uno studio del direttore dell\u2019Istituto di virologia Clementi, lo dice il professor Silvestri della Emory University di Atlanta\u201d.<div id=\"videoincontent\" style=\"clear:both\";><\/div><\/p>\n<p style=\"margin: 0px 0px 20px; font-family: 'Open Sans'; color: #383838;\"><span style=\"line-height: 1.5;\">Secondo Matteo Bassetti, direttore della clinica di Malattie infettive dell\u2019ospedale San Martino di Genova, il Coronavirus \u201cpotrebbe ora essere diverso: la potenza di fuoco che aveva tale virus due mesi fa non \u00e8 la stessa potenza di fuoco che ha oggi.<\/span><\/p>\n<p style=\"margin: 0px 0px 20px; font-family: 'Open Sans'; color: #383838;\"><span style=\"line-height: 1.5;\">E\u2019 evidente che oggi la malattia Covid-19 \u00e8 diversa: la presentazione clinica e il decorso sono molto pi\u00f9 lievi\u201d.<\/span><\/p>\n<p style=\"margin: 0px 0px 20px; font-family: 'Open Sans'; color: #383838;\">Brusca la frenata che arriva dal presidente del Consiglio superiore di sanit\u00e0 e componente del comitato tecnico scientifico <strong>Franco Locatelli<\/strong>: \u201cNon posso che esprimere grande sorpresa e assoluto sconcerto per le dichiarazioni rese dal orof.Zangrillo con frasi quali il \u2018virus clinicamente non esiste pi\u00f9\u2019 e che \u2018terrorizzare il Paese \u00e8 qualcosa di cui qualcuno si deve prendere la responsabilit\u00e0. Basta guardare al numero di nuovi casi confermati ogni giorno per avere dimostrazione della persistente circolazione in Italia del virus\u201d.<\/p>\n<p>\u201cAver incrementato di molto i posti di terapia intensiva \u00e8 un merito enorme del sistema sanitario nazionale, poich\u00e9 ha permesso di offrire una risposta clinica a tanti malati che altrimenti non avrebbero potuto essere adeguatamente curati. Inoltre \u2013 afferma Locatelli \u2013 questi posti rimarranno disponibili per chi in futuro ne avr\u00e0 bisogno anche per situazioni cliniche diverse da Covid-19. Dovremmo tutti rallegrarci che le misure di lockdown abbiano prodotto gli effetti sperati contenendo la diffusione epidemica con risparmio di tante vite umane e questo risultato inconfutabile deve spingere a continuare sul percorso della responsabilit\u00e0 dei comportamenti individuali, da non disincentivare attraverso dichiarazioni pericolose che dimenticano il dramma vissuto in questo Paese\u201d. \u201cE\u2019 altrettanto chiaro, anche a occhi non esperti \u2013 conclude \u2013 che la gestione clinica dei malati \u00e8 certamente oggi facilitata dal minor numero di casi rispetto a quelli osservati nei giorni di picco e da quanto si \u00e8 imparato in questi mesi. Questi sono i fatti concreti, il resto opinioni personali\u201d.<\/p>\n","protected":false},"excerpt":{"rendered":"<p>\u201cClinicamente il nuovo coronavirus non esiste pi\u00f9\u201d. Mentre il numero dei malati cala in tutte le regioni, Alberto Zangrillo, direttore terapia intensiva del San Raffaele di Milano, a \u20181\/2 ora in pi\u00f9\u2019 decreta la fine del Covid. \u201cCirca un mese fa sentivamo epidemiologi temere a fine mese-inizio giugno una nuova ondata e chiss\u00e0 quanti posti [&hellip;]<\/p>\n","protected":false},"author":4,"featured_media":43501,"comment_status":"closed","ping_status":"closed","sticky":false,"template":"","format":"standard","meta":{"ub_ctt_via":"","_mi_skip_tracking":false},"categories":[221],"tags":[],"featured_image_src":"https:\/\/www.messinaoggi.it\/website\/wp-content\/uploads\/2020\/05\/IMG-20200512-WA0017-1.jpg","author_info":{"display_name":"redme","author_link":"https:\/\/www.messinaoggi.it\/website\/author\/redme\/"},"digistream_id":0,"digistream":false,"_links":{"self":[{"href":"https:\/\/www.messinaoggi.it\/website\/wp-json\/wp\/v2\/posts\/44190"}],"collection":[{"href":"https:\/\/www.messinaoggi.it\/website\/wp-json\/wp\/v2\/posts"}],"about":[{"href":"https:\/\/www.messinaoggi.it\/website\/wp-json\/wp\/v2\/types\/post"}],"author":[{"embeddable":true,"href":"https:\/\/www.messinaoggi.it\/website\/wp-json\/wp\/v2\/users\/4"}],"replies":[{"embeddable":true,"href":"https:\/\/www.messinaoggi.it\/website\/wp-json\/wp\/v2\/comments?post=44190"}],"version-history":[{"count":0,"href":"https:\/\/www.messinaoggi.it\/website\/wp-json\/wp\/v2\/posts\/44190\/revisions"}],"wp:featuredmedia":[{"embeddable":true,"href":"https:\/\/www.messinaoggi.it\/website\/wp-json\/wp\/v2\/media\/43501"}],"wp:attachment":[{"href":"https:\/\/www.messinaoggi.it\/website\/wp-json\/wp\/v2\/media?parent=44190"}],"wp:term":[{"taxonomy":"category","embeddable":true,"href":"https:\/\/www.messinaoggi.it\/website\/wp-json\/wp\/v2\/categories?post=44190"},{"taxonomy":"post_tag","embeddable":true,"href":"https:\/\/www.messinaoggi.it\/website\/wp-json\/wp\/v2\/tags?post=44190"}],"curies":[{"name":"wp","href":"https:\/\/api.w.org\/{rel}","templated":true}]}}