{"id":44183,"date":"2020-05-31T13:01:51","date_gmt":"2020-05-31T11:01:51","guid":{"rendered":"https:\/\/www.messinaoggi.it\/website\/?p=44183"},"modified":"2020-05-31T13:01:51","modified_gmt":"2020-05-31T11:01:51","slug":"coltivava-cannabis-26enne-arrestato-a-pace-del-mela","status":"publish","type":"post","link":"https:\/\/www.messinaoggi.it\/website\/2020\/05\/31\/coltivava-cannabis-26enne-arrestato-a-pace-del-mela\/","title":{"rendered":"Coltivava cannabis nell&#039;orto, 26enne arrestato a Pace del Mela"},"content":{"rendered":"<p align=\"justify\">I carabinieri della Compagnia di Milazzo hanno arrestato F.P., 26 anni per coltivazione e detenzione ai fini di spaccio di sostanze stupefacenti.<div id=\"div-gpt-ad-Messinaoggi.it-DSK-300x250-corpoart\" style=\"text-align:center;margin:0 auto;\"><\/div><\/p>\n<p align=\"justify\">I militari della Sezione operativa, insospettiti dopo aver notato anomali movimenti in zona, hanno monitorato alcuni isolati per giorni, fino a quando si sono concentrati nei pressi di un\u2019abitazione di Pace del Mela, dove hanno effettuato una perquisizione domiciliare.<div id=\"videoincontent\" style=\"clear:both\";><\/div><\/p>\n<p align=\"justify\">L\u2019intervento dei militari ha consentito di rinvenire otto piante di cannabis indica, dell\u2019altezza variale di 50\/85 centimetri, piantate nell\u2019orto di pertinenza, vicino ad ortaggi.<\/p>\n<p align=\"justify\">L\u2019uomo, gi\u00e0 noto ai militari per precedenti specifici, \u00e8 stato arrestato in flagranza di reato per coltivazione e detenzione ai fini di spaccio di sostanze stupefacenti, nonch\u00e9 sottoposto agli arresti domiciliari a disposizione dell\u2019Autorit\u00e0 giudiziaria.<\/p>\n<p align=\"justify\">La sostanza stupefacente, sottoposta a sequestro, \u00e8 stata inviata al Reparto Investigazioni.<\/p>\n","protected":false},"excerpt":{"rendered":"<p>I carabinieri della Compagnia di Milazzo hanno arrestato F.P., 26 anni per coltivazione e detenzione ai fini di spaccio di sostanze stupefacenti. I militari della Sezione operativa, insospettiti dopo aver notato anomali movimenti in zona, hanno monitorato alcuni isolati per giorni, fino a quando si sono concentrati nei pressi di un\u2019abitazione di Pace del Mela, [&hellip;]<\/p>\n","protected":false},"author":4,"featured_media":44184,"comment_status":"closed","ping_status":"closed","sticky":false,"template":"","format":"standard","meta":{"ub_ctt_via":"","_mi_skip_tracking":false},"categories":[13,14],"tags":[],"featured_image_src":"https:\/\/www.messinaoggi.it\/website\/wp-content\/uploads\/2020\/05\/CC-MILAZZO.jpg","author_info":{"display_name":"redme","author_link":"https:\/\/www.messinaoggi.it\/website\/author\/redme\/"},"digistream_id":0,"digistream":false,"_links":{"self":[{"href":"https:\/\/www.messinaoggi.it\/website\/wp-json\/wp\/v2\/posts\/44183"}],"collection":[{"href":"https:\/\/www.messinaoggi.it\/website\/wp-json\/wp\/v2\/posts"}],"about":[{"href":"https:\/\/www.messinaoggi.it\/website\/wp-json\/wp\/v2\/types\/post"}],"author":[{"embeddable":true,"href":"https:\/\/www.messinaoggi.it\/website\/wp-json\/wp\/v2\/users\/4"}],"replies":[{"embeddable":true,"href":"https:\/\/www.messinaoggi.it\/website\/wp-json\/wp\/v2\/comments?post=44183"}],"version-history":[{"count":0,"href":"https:\/\/www.messinaoggi.it\/website\/wp-json\/wp\/v2\/posts\/44183\/revisions"}],"wp:featuredmedia":[{"embeddable":true,"href":"https:\/\/www.messinaoggi.it\/website\/wp-json\/wp\/v2\/media\/44184"}],"wp:attachment":[{"href":"https:\/\/www.messinaoggi.it\/website\/wp-json\/wp\/v2\/media?parent=44183"}],"wp:term":[{"taxonomy":"category","embeddable":true,"href":"https:\/\/www.messinaoggi.it\/website\/wp-json\/wp\/v2\/categories?post=44183"},{"taxonomy":"post_tag","embeddable":true,"href":"https:\/\/www.messinaoggi.it\/website\/wp-json\/wp\/v2\/tags?post=44183"}],"curies":[{"name":"wp","href":"https:\/\/api.w.org\/{rel}","templated":true}]}}