{"id":44169,"date":"2020-05-30T22:38:49","date_gmt":"2020-05-30T20:38:49","guid":{"rendered":"https:\/\/www.messinaoggi.it\/website\/?p=44169"},"modified":"2020-05-30T22:38:49","modified_gmt":"2020-05-30T20:38:49","slug":"rischio-assembramenti-cancellata-la-vara","status":"publish","type":"post","link":"https:\/\/www.messinaoggi.it\/website\/2020\/05\/30\/rischio-assembramenti-cancellata-la-vara\/","title":{"rendered":"Rischio assembramenti, cancellata la Vara"},"content":{"rendered":"<p style=\"margin: 0px 0px 15px; padding: 0px; border: 0px; font-family: Lato, Helvetica, Arial, sans-serif; font-stretch: inherit; line-height: 28px; vertical-align: baseline; color: #303030; text-align: justify;\"><span style=\"margin: 0px; padding: 0px; border: 0px; font-family: inherit; font-size: inherit; font-style: inherit; font-variant: inherit; font-stretch: inherit; line-height: inherit; vertical-align: baseline;\">E&#8217; ufficiale. La Vara non\u00a0 ci sar\u00e0<\/span>: la macchina votiva, simbolo della devozione dei messinesi verso la Madonna, che il 15 agosto percorre la strada da piazza Catronovo al Duomo, quest\u2019anno rimarr\u00e0 ferma. Lo ha deciso un decreto dell\u2019arcivescovo di Messina, Giovanni<span style=\"margin: 0px; padding: 0px; border: 0px; font-family: inherit; font-size: inherit; font-style: inherit; font-variant: inherit; font-stretch: inherit; line-height: inherit; vertical-align: baseline;\">\u00a0Accolla,\u00a0<\/span>in cui si dispone lasospensione<span style=\"margin: 0px; padding: 0px; border: 0px; font-family: inherit; font-size: inherit; font-style: inherit; font-variant: inherit; font-stretch: inherit; line-height: inherit; vertical-align: baseline;\">\u00a0di \u201cogni manifestazione esterna alle feste patronali, parrocchiali e di qualunque altro genere\u00a0<\/span>quale (a titolo soltanto esemplificativo e non esaustivo) processioni, trasferimento pubblico di immagini sacre, fiaccolate o momenti di preghiera all\u2019aperto che creino assembramenti incontrollabili o non consoni alla normativa vigente\u201d.\u00a0<span style=\"margin: 0px; padding: 0px; border: 0px; font-family: inherit; font-size: inherit; font-style: inherit; font-variant: inherit; font-stretch: inherit; line-height: inherit; vertical-align: baseline;\">Le manifestazioni religiose rimarranno ferme fino al 15 ottobre.<\/span><div id=\"div-gpt-ad-Messinaoggi.it-DSK-300x250-corpoart\" style=\"text-align:center;margin:0 auto;\"><\/div><\/p>\n<p style=\"margin: 0px 0px 15px; padding: 0px; border: 0px; font-family: Lato, Helvetica, Arial, sans-serif; font-stretch: inherit; line-height: 28px; vertical-align: baseline; color: #303030; text-align: justify;\">L\u2019interruzione, secondo l\u2019Arcidiocesi di Messina-Lipari-Santa Lucia del Mela, \u00e8 motivata dal fatto che \u201cla grande partecipazione dei fedeli alle manifestazioni della piet\u00e0 popolare non \u00e8 facilmente controllabile, generando una prossimit\u00e0 tra gli stessi che non si pone in linea con il\u00a0<span style=\"margin: 0px; padding: 0px; border: 0px; font-family: inherit; font-size: inherit; font-style: inherit; font-variant: inherit; font-stretch: inherit; line-height: inherit; vertical-align: baseline;\">divieto di assembramenti e che non favorisce il distanziamento sociale<\/span>\u00a0che ancora sussiste a tutela del bene primario della sanit\u00e0 pubblica\u201d.<div id=\"videoincontent\" style=\"clear:both\";><\/div><\/p>\n","protected":false},"excerpt":{"rendered":"<p>E&#8217; ufficiale. La Vara non\u00a0 ci sar\u00e0: la macchina votiva, simbolo della devozione dei messinesi verso la Madonna, che il 15 agosto percorre la strada da piazza Catronovo al Duomo, quest\u2019anno rimarr\u00e0 ferma. Lo ha deciso un decreto dell\u2019arcivescovo di Messina, Giovanni\u00a0Accolla,\u00a0in cui si dispone lasospensione\u00a0di \u201cogni manifestazione esterna alle feste patronali, parrocchiali e di [&hellip;]<\/p>\n","protected":false},"author":4,"featured_media":36114,"comment_status":"closed","ping_status":"closed","sticky":false,"template":"","format":"standard","meta":{"ub_ctt_via":"","_mi_skip_tracking":false},"categories":[221,19],"tags":[],"featured_image_src":"https:\/\/www.messinaoggi.it\/website\/wp-content\/uploads\/2019\/08\/IMG-20190815-WA0033.jpg","author_info":{"display_name":"redme","author_link":"https:\/\/www.messinaoggi.it\/website\/author\/redme\/"},"digistream_id":0,"digistream":false,"_links":{"self":[{"href":"https:\/\/www.messinaoggi.it\/website\/wp-json\/wp\/v2\/posts\/44169"}],"collection":[{"href":"https:\/\/www.messinaoggi.it\/website\/wp-json\/wp\/v2\/posts"}],"about":[{"href":"https:\/\/www.messinaoggi.it\/website\/wp-json\/wp\/v2\/types\/post"}],"author":[{"embeddable":true,"href":"https:\/\/www.messinaoggi.it\/website\/wp-json\/wp\/v2\/users\/4"}],"replies":[{"embeddable":true,"href":"https:\/\/www.messinaoggi.it\/website\/wp-json\/wp\/v2\/comments?post=44169"}],"version-history":[{"count":0,"href":"https:\/\/www.messinaoggi.it\/website\/wp-json\/wp\/v2\/posts\/44169\/revisions"}],"wp:featuredmedia":[{"embeddable":true,"href":"https:\/\/www.messinaoggi.it\/website\/wp-json\/wp\/v2\/media\/36114"}],"wp:attachment":[{"href":"https:\/\/www.messinaoggi.it\/website\/wp-json\/wp\/v2\/media?parent=44169"}],"wp:term":[{"taxonomy":"category","embeddable":true,"href":"https:\/\/www.messinaoggi.it\/website\/wp-json\/wp\/v2\/categories?post=44169"},{"taxonomy":"post_tag","embeddable":true,"href":"https:\/\/www.messinaoggi.it\/website\/wp-json\/wp\/v2\/tags?post=44169"}],"curies":[{"name":"wp","href":"https:\/\/api.w.org\/{rel}","templated":true}]}}