{"id":44135,"date":"2020-05-30T02:57:50","date_gmt":"2020-05-30T00:57:50","guid":{"rendered":"https:\/\/www.messinaoggi.it\/website\/?p=44135"},"modified":"2020-05-30T02:57:50","modified_gmt":"2020-05-30T00:57:50","slug":"calcio-serie-d-stagione-chiusa-i-saluti-ed-i-ringraziamenti-dei-calciatori-del-fc-messina","status":"publish","type":"post","link":"https:\/\/www.messinaoggi.it\/website\/2020\/05\/30\/calcio-serie-d-stagione-chiusa-i-saluti-ed-i-ringraziamenti-dei-calciatori-del-fc-messina\/","title":{"rendered":"CALCIO SERIE D &#8211; Stagione chiusa. I saluti ed i ringraziamenti dei calciatori del FC Messina"},"content":{"rendered":"<p>La notizia era nell&#8217;aria ormai da tempo, ma quella che fino a qualche mese fa sembrava essere soltanto una remota paura, con il passare del tempo si \u00e8 tramutata nella pi\u00f9 cruda delle realt\u00e0, consegnandoci la chiusura anticipata della stagione.<br \/>\nPer questo motivo, \u00e8 arrivato il momento dei saluti per i calciatori del <strong>FC Messina\u00a0<\/strong>che, in una lettera trasmessa dall&#8217;ufficio stampa del sodalizio giallorosso, hanno voluto tirare le somme su una stagione conclusasi anticipatamente, ringraziando tifosi e l&#8217;intero staff tecnico.<br \/>\n&#8220;<em>\u00c8 stata un&#8217;annata lunga, conclusasi ahinoi con netto anticipo.<\/em><br \/>\n<em>Lunga, perch\u00e9 siamo partiti con tantissime incertezze, dubbi e paure che accomunano qualsiasi calciatore, ma con una \u201csola\u201d grande certezza sin dal primo momento: quella di avere un Presidente, anzi&#8230;<strong>IL PRESIDENTE ROCCO ARENA.<\/strong><\/em><br \/>\n<em>\u00c8 stata una stagione fantastica. fatta di alti e bassi (pi\u00f9 alti che bassi), noi ci abbiamo messo cuore, anima, tempo, corpo, testa, sempre con grandi sacrifici e coinvolgendo per la stragrande maggioranza del gruppo, anche le nostre famiglie.<\/em><br \/>\n<em>Abbiamo vinto partite importanti e per certi versi storiche, abbiamo raggiunto un traguardo importante che, siamo sicuri, poteva essere ancora migliorato se ce ne fosse stata l&#8217;occasione.<\/em><br \/>\n<em>Non siamo mai stati soli, perch\u00e9 oltre noi, sono state tantissime le persone che hanno fatto parte di questo FC Messina, supportandoci e sopportandoci nei momenti pi\u00f9 difficili e a loro va il nostro pi\u00f9 sentito ringraziamento.<\/em><br \/>\n<em>Iniziamo dicendo GRAZIE al Nostro <strong>Presidente Rocco Arena<\/strong>, al Vice Presidente <strong>Santi Cosenza<\/strong>, all&#8217;Amministratore Delegato <strong>Carmelo Santoro<\/strong>, ai consiglieri <strong>Franco Mento e Fabio D&#8217;Amore<\/strong>, ai Direttori <strong>Marco Ferrante <\/strong>e<strong> Davide Morello<\/strong>, al Direttor Operativo <strong>Giuseppe Micari.<\/strong> Agli amici <strong>Marco Rizzieri<\/strong> e <strong>Salvo Micari<\/strong>.<\/em><br \/>\n<em>Grazie al nostro Team Manager <strong>Ciccio Alessandro<\/strong>.<\/em><br \/>\n<em>GRAZIE al nostro Staff Tecnico, da mister <strong>Massimo Costantino<\/strong> prima, a mister <strong>Ernesto Gabriele <\/strong>poi, passando per mister <strong>Cesar Grabinski<\/strong>, mister <strong>Marco Mazzola<\/strong>, il Prof. <strong>Lorenzo Dascola<\/strong> ed il match analyst <strong>Dario Cucinotta<\/strong>; ogni giorno ci hanno aiutato, coccolato, sgridato ma soprattutto ci hanno aiutato a crescere e raggiungere traguardi importanti.<\/em><br \/>\n<em>GRAZIE allo Staff Medico, al dott.<strong>Franco Mento<\/strong>, ai fisioterapisti <strong>Saro Cutuli<\/strong> e <strong>Andrea Calimeri<\/strong>.<\/em><br \/>\n<em>GRAZIE ai Segretari <strong>Pino Fichera<\/strong> e <strong>Rosario Sorrenti<\/strong>, GRAZIE al nostro Ufficio Stampa composto da <strong>Antonio Caro\u00e8<\/strong> ed <strong>Ernesto Francia<\/strong>, oltre al nostro fotografo <strong>Marco Familiari<\/strong>. GRAZIE ai magazzinieri <strong>Emanuele Sacc\u00e0<\/strong> e <strong>Maurizio Barbera<\/strong>, che ogni giorno sono stati accondiscendenti ad ogni nostra richiesta.<\/em><br \/>\n<em>Un GRAZIE va anche a chi per vari motivi \u00e8 andato via durante il percorso, anche loro hanno fatto parte della nostra grande famiglia ed hanno contribuito ai nostri successi. Infine, non meno importanti, anzi&#8230;<strong>un GRAZIE speciale va ai nostri tifosi: da chi ci ha sostenuto sin dall&#8217;inizio, dandoci fiducia quando non c\u2019era neanche un pallone, ed a chi \u00e8 arrivato in corsa facendo una scelta di vita importante, comprendendo il nostro attaccamento alla maglia, dandoci un&#8217;inspiegabile gratificazione per quanto fatto<\/strong>. <\/em><br \/>\n<em>Speriamo e siamo sicuri di non aver dimenticato nessuno.<\/em><br \/>\n<em>Quello che accomuna tutti voi, oltre alla grande professionalit\u00e0, \u00e8 il valore umano che al giorno d\u2019oggi \u00e8 difficilissimo da riscontrare, e questo non pu\u00f2 che non essere un bene per la nostra famiglia FC MESSINA. <\/em><br \/>\n<em>Indipendentemente da come andranno le cose e da quali saranno i percorsi personali di ognuno di noi, ancora una volta volevamo semplicemente dirvi GRAZIE.&#8221;<\/em><br \/>\n<em>I calciatori del FC Messina<\/em><div id=\"div-gpt-ad-Messinaoggi.it-DSK-300x250-corpoart\" style=\"text-align:center;margin:0 auto;\"><\/div><\/p>\n<div id=\"videoincontent\" style=\"clear:both\";><\/div>","protected":false},"excerpt":{"rendered":"<p>La notizia era nell&#8217;aria ormai da tempo, ma quella che fino a qualche mese fa sembrava essere soltanto una remota paura, con il passare del tempo si \u00e8 tramutata nella pi\u00f9 cruda delle realt\u00e0, consegnandoci la chiusura anticipata della stagione. Per questo motivo, \u00e8 arrivato il momento dei saluti per i calciatori del FC Messina\u00a0che, [&hellip;]<\/p>\n","protected":false},"author":17,"featured_media":44136,"comment_status":"closed","ping_status":"closed","sticky":false,"template":"","format":"standard","meta":{"ub_ctt_via":"","_mi_skip_tracking":false},"categories":[10,9],"tags":[235],"featured_image_src":"https:\/\/www.messinaoggi.it\/website\/wp-content\/uploads\/2020\/05\/Rocco-Arena-Francesco-Casella-Giovanni-Giuffrida-Francesco-Alessandro.jpg","author_info":{"display_name":"Giuseppe Luppino","author_link":"https:\/\/www.messinaoggi.it\/website\/author\/g-luppino\/"},"digistream_id":0,"digistream":false,"_links":{"self":[{"href":"https:\/\/www.messinaoggi.it\/website\/wp-json\/wp\/v2\/posts\/44135"}],"collection":[{"href":"https:\/\/www.messinaoggi.it\/website\/wp-json\/wp\/v2\/posts"}],"about":[{"href":"https:\/\/www.messinaoggi.it\/website\/wp-json\/wp\/v2\/types\/post"}],"author":[{"embeddable":true,"href":"https:\/\/www.messinaoggi.it\/website\/wp-json\/wp\/v2\/users\/17"}],"replies":[{"embeddable":true,"href":"https:\/\/www.messinaoggi.it\/website\/wp-json\/wp\/v2\/comments?post=44135"}],"version-history":[{"count":0,"href":"https:\/\/www.messinaoggi.it\/website\/wp-json\/wp\/v2\/posts\/44135\/revisions"}],"wp:featuredmedia":[{"embeddable":true,"href":"https:\/\/www.messinaoggi.it\/website\/wp-json\/wp\/v2\/media\/44136"}],"wp:attachment":[{"href":"https:\/\/www.messinaoggi.it\/website\/wp-json\/wp\/v2\/media?parent=44135"}],"wp:term":[{"taxonomy":"category","embeddable":true,"href":"https:\/\/www.messinaoggi.it\/website\/wp-json\/wp\/v2\/categories?post=44135"},{"taxonomy":"post_tag","embeddable":true,"href":"https:\/\/www.messinaoggi.it\/website\/wp-json\/wp\/v2\/tags?post=44135"}],"curies":[{"name":"wp","href":"https:\/\/api.w.org\/{rel}","templated":true}]}}