{"id":44105,"date":"2020-05-29T13:14:39","date_gmt":"2020-05-29T11:14:39","guid":{"rendered":"https:\/\/www.messinaoggi.it\/website\/?p=44105"},"modified":"2020-05-29T13:14:39","modified_gmt":"2020-05-29T11:14:39","slug":"tremestieri-chiuso-lo-svincolo-statale-invasa-dai-tir","status":"publish","type":"post","link":"https:\/\/www.messinaoggi.it\/website\/2020\/05\/29\/tremestieri-chiuso-lo-svincolo-statale-invasa-dai-tir\/","title":{"rendered":"Prima il Covid ora lo svincolo, commercianti infuriati"},"content":{"rendered":"<p style=\"text-align: justify;\">Prima il Coronavirus, ora i lavori allo svincolo di Tremestieri con la citt\u00e0 invasa dai Tir. Tanto \u00e8 bastato per mandare all\u2019esasperazione centinaia di automobilisti e, soprattutto, commercianti. Molti esercenti dichiarano di essere sul piede di guerra, in quanto ritengono che lavori di questo tipo vadano realizzati di notte e non di giorno, proprio quando la popolazione si reca nei vari negozi per fare acquisti.<div id=\"div-gpt-ad-Messinaoggi.it-DSK-300x250-corpoart\" style=\"text-align:center;margin:0 auto;\"><\/div><\/p>\n<p style=\"text-align: justify;\">Al momento l\u2019Amministrazione comunale non sembra intenzionata a rimodulare l\u2019orario di esecuzione dei lavori, e dunque di chiusura, dello svincolo di Tremestieri, ma non \u00e8 detto che non possa cambiare idea nelle prossime ore, anche perch\u00e9 le proteste dei commercianti si fanno di ora in ora sempre pi\u00f9 forti.<div id=\"videoincontent\" style=\"clear:both\";><\/div><\/p>\n","protected":false},"excerpt":{"rendered":"<p>Prima il Coronavirus, ora i lavori allo svincolo di Tremestieri con la citt\u00e0 invasa dai Tir. Tanto \u00e8 bastato per mandare all\u2019esasperazione centinaia di automobilisti e, soprattutto, commercianti. Molti esercenti dichiarano di essere sul piede di guerra, in quanto ritengono che lavori di questo tipo vadano realizzati di notte e non di giorno, proprio quando [&hellip;]<\/p>\n","protected":false},"author":8,"featured_media":44110,"comment_status":"closed","ping_status":"closed","sticky":false,"template":"","format":"standard","meta":{"ub_ctt_via":"","_mi_skip_tracking":false},"categories":[6],"tags":[],"featured_image_src":"https:\/\/www.messinaoggi.it\/website\/wp-content\/uploads\/2020\/05\/strada-statale-114-2.jpg","author_info":{"display_name":"red..me","author_link":"https:\/\/www.messinaoggi.it\/website\/author\/redstage\/"},"digistream_id":0,"digistream":false,"_links":{"self":[{"href":"https:\/\/www.messinaoggi.it\/website\/wp-json\/wp\/v2\/posts\/44105"}],"collection":[{"href":"https:\/\/www.messinaoggi.it\/website\/wp-json\/wp\/v2\/posts"}],"about":[{"href":"https:\/\/www.messinaoggi.it\/website\/wp-json\/wp\/v2\/types\/post"}],"author":[{"embeddable":true,"href":"https:\/\/www.messinaoggi.it\/website\/wp-json\/wp\/v2\/users\/8"}],"replies":[{"embeddable":true,"href":"https:\/\/www.messinaoggi.it\/website\/wp-json\/wp\/v2\/comments?post=44105"}],"version-history":[{"count":0,"href":"https:\/\/www.messinaoggi.it\/website\/wp-json\/wp\/v2\/posts\/44105\/revisions"}],"wp:featuredmedia":[{"embeddable":true,"href":"https:\/\/www.messinaoggi.it\/website\/wp-json\/wp\/v2\/media\/44110"}],"wp:attachment":[{"href":"https:\/\/www.messinaoggi.it\/website\/wp-json\/wp\/v2\/media?parent=44105"}],"wp:term":[{"taxonomy":"category","embeddable":true,"href":"https:\/\/www.messinaoggi.it\/website\/wp-json\/wp\/v2\/categories?post=44105"},{"taxonomy":"post_tag","embeddable":true,"href":"https:\/\/www.messinaoggi.it\/website\/wp-json\/wp\/v2\/tags?post=44105"}],"curies":[{"name":"wp","href":"https:\/\/api.w.org\/{rel}","templated":true}]}}