{"id":44092,"date":"2020-05-29T10:39:56","date_gmt":"2020-05-29T08:39:56","guid":{"rendered":"https:\/\/www.messinaoggi.it\/website\/?p=44092"},"modified":"2020-05-29T10:39:56","modified_gmt":"2020-05-29T08:39:56","slug":"strada-collegamento-s-giovannello-s-filippo-gioveni-e-cipolla-istituire-senso-unico-alternato","status":"publish","type":"post","link":"https:\/\/www.messinaoggi.it\/website\/2020\/05\/29\/strada-collegamento-s-giovannello-s-filippo-gioveni-e-cipolla-istituire-senso-unico-alternato\/","title":{"rendered":"Strada collegamento S. Giovannello-S. Filippo, Gioveni e Cipolla: &quot;Istituire senso unico alternato&quot;"},"content":{"rendered":"<p>Dopo pi\u00f9 di 5 anni, la prossima settimana inizieranno finalmente i lavori di messa in sicurezza dell\u2019importante e\u00a0 trafficata strada di collegamento fra il rione San Giovannello e il villaggio di San Filippo Inferiore, che aveva sub\u00ecto un restringimento della carreggiata di circa 500 metri a causa del potenziale pericolo dovuto all&#8217;assenza di un tratto del muro di protezione.<br \/>\n&#8220;Non sembra quasi vero&#8221;, si legge al riguardo in un&#8217;interrogazione comunale dei consiglieri comunali Libero Gioveni e Francesco Cipolla, che aggiungono: &#8220;Non possiamo che esprimere soddisfazione, quindi, nei confronti di un\u2019Amministrazione che da subito ha preso a cuore nell\u2019interesse dei residenti dei due villaggi un iter tecnico-amministrativo parzialmente avviato negli anni scorsi e tanto sollecitato.<br \/>\n&#8220;Tuttavia, gli odierni interroganti hanno preso atto del fatto che per tutta la durata dei lavori stimata in 4 mesi, sar\u00e0 istituito nel tratto interessato agli interventi un senso unico che inevitabilmente generer\u00e0 degli enormi disagi in particolare ai residenti di San Filippo che per recarsi in centro citt\u00e0 non potranno pi\u00f9 scendere dalla via Comunale San Filippo, bens\u00ec dovranno allungare il tragitto ben che vada di almeno mezz\u2019ora passando da Santa Lucia Sopra Contesse! Tra l\u2019altro, ai disagi che incidono negativamente sulla mobilit\u00e0, si aggiungono anche quelli che penalizzano alcuni importanti servizi come quello farmaceutico, che in un vasto comprensorio come quello di San Giovannello e San Filippo deve in ogni caso essere garantito, come stabilito anche dall\u2019ultimo fabbisogno delle farmacie approvato dall\u2019ex Consiglio Comunale. Pertanto, in virt\u00f9 di tutto quanto sopra esposto, i sottoscritti consiglieri comunali interrogano con carattere d\u2019urgenza l&#8217;assessore ai lavori pubblici e alla viabilit\u00e0 per sapere se intenda valutare concretamente la possibilit\u00e0 di far istituire il senso unico alternato per tutta la durata dei lavori nel tratto oggetto delle lavorazioni al fine di evitare gli enormi disagi alla popolazione di San Filippo&#8221;.<div id=\"div-gpt-ad-Messinaoggi.it-DSK-300x250-corpoart\" style=\"text-align:center;margin:0 auto;\"><\/div><\/p>\n<div id=\"videoincontent\" style=\"clear:both\";><\/div>","protected":false},"excerpt":{"rendered":"<p>Dopo pi\u00f9 di 5 anni, la prossima settimana inizieranno finalmente i lavori di messa in sicurezza dell\u2019importante e\u00a0 trafficata strada di collegamento fra il rione San Giovannello e il villaggio di San Filippo Inferiore, che aveva sub\u00ecto un restringimento della carreggiata di circa 500 metri a causa del potenziale pericolo dovuto all&#8217;assenza di un tratto [&hellip;]<\/p>\n","protected":false},"author":8,"featured_media":36932,"comment_status":"closed","ping_status":"closed","sticky":false,"template":"","format":"standard","meta":{"ub_ctt_via":"","_mi_skip_tracking":false},"categories":[4],"tags":[],"featured_image_src":"https:\/\/www.messinaoggi.it\/website\/wp-content\/uploads\/2019\/09\/Immobili-incompiuti-Iacp-San-Giovannello-Messina.jpg","author_info":{"display_name":"red..me","author_link":"https:\/\/www.messinaoggi.it\/website\/author\/redstage\/"},"digistream_id":0,"digistream":false,"_links":{"self":[{"href":"https:\/\/www.messinaoggi.it\/website\/wp-json\/wp\/v2\/posts\/44092"}],"collection":[{"href":"https:\/\/www.messinaoggi.it\/website\/wp-json\/wp\/v2\/posts"}],"about":[{"href":"https:\/\/www.messinaoggi.it\/website\/wp-json\/wp\/v2\/types\/post"}],"author":[{"embeddable":true,"href":"https:\/\/www.messinaoggi.it\/website\/wp-json\/wp\/v2\/users\/8"}],"replies":[{"embeddable":true,"href":"https:\/\/www.messinaoggi.it\/website\/wp-json\/wp\/v2\/comments?post=44092"}],"version-history":[{"count":0,"href":"https:\/\/www.messinaoggi.it\/website\/wp-json\/wp\/v2\/posts\/44092\/revisions"}],"wp:featuredmedia":[{"embeddable":true,"href":"https:\/\/www.messinaoggi.it\/website\/wp-json\/wp\/v2\/media\/36932"}],"wp:attachment":[{"href":"https:\/\/www.messinaoggi.it\/website\/wp-json\/wp\/v2\/media?parent=44092"}],"wp:term":[{"taxonomy":"category","embeddable":true,"href":"https:\/\/www.messinaoggi.it\/website\/wp-json\/wp\/v2\/categories?post=44092"},{"taxonomy":"post_tag","embeddable":true,"href":"https:\/\/www.messinaoggi.it\/website\/wp-json\/wp\/v2\/tags?post=44092"}],"curies":[{"name":"wp","href":"https:\/\/api.w.org\/{rel}","templated":true}]}}