{"id":44089,"date":"2020-05-29T10:18:20","date_gmt":"2020-05-29T08:18:20","guid":{"rendered":"https:\/\/www.messinaoggi.it\/website\/?p=44089"},"modified":"2020-05-29T10:18:20","modified_gmt":"2020-05-29T08:18:20","slug":"sburocratizzazione-approvato-lordine-del-giorno-di-fdi","status":"publish","type":"post","link":"https:\/\/www.messinaoggi.it\/website\/2020\/05\/29\/sburocratizzazione-approvato-lordine-del-giorno-di-fdi\/","title":{"rendered":"Sburocratizzazione, approvato l\u2019ordine del giorno di FdI"},"content":{"rendered":"<p>\u201cUn primo passo si \u00e8 compiuto, adesso andiamo avanti il pi\u00f9 velocemente e concretamente possibile\u201d. Cos\u00ec il capogruppo di Fratelli d\u2019Italia all\u2019Ars, Elvira Amata, dopo l\u2019approvazione in Aula dell\u2019ordine del giorno di FdI su semplificazione e sburocratizzazione. \u201cSemplificazione \u00e8 la parola chiave per comprendere qual \u00e8 la primaria necessit\u00e0 del nostro sistema e porre rimedio a decenni di processi legislativi e amministrativi lenti e obsoleti. \u2013 prosegue Amata \u2013 Una zavorra, una palla al piede del territorio, delle pmi, dei processi di sviluppo e crescita in tutti i settori, a partire da quelli dei servizi al cittadino\u201d, prosegue il deputato regionale.<br \/>\n\u201cIl complesso sistema di norme, leggi, decreti, regolamenti, circolari che regolano i processi amministrativi rappresenta troppo spesso un ostacolo, a volte insormontabile, in grado di rallentare o addirittura paralizzare tutte le iniziative e i settori produttivi. Per procedere a passo spedito e in modo pieno serve l\u2019aiuto e la partecipazione di tutte le forze politiche presenti all\u2019Ars e che vada avviato un percorso che coinvolga gli ordini professionali, le categorie produttive, i sindacati, gli enti del terzo settore, l\u2019Anci, ecc.<br \/>\n\u201cIl presidente dell\u2019Ars Miccich\u00e9 da anni \u00e8 sostenitore della necessit\u00e0 di avviare un profondo processo di semplificazione e sburocratizzazione e trovo lodevole abbia ritenuto che fosse il Parlamento siciliano a promuovere una riforma epocale in tal senso, accogliendo in modo convinto la proposta del gruppo parlamentare di Fratelli d\u2019Italia di istituire un\u2019apposita Commissione Speciale. Il Parlamento siciliano tutto, con l\u2019accoglimento dell\u2019ordine del giorno di Fratelli d\u2019Italia, ha dimostrato di voler dare ai siciliani un risultato concreto. La Sicilia, ancora una volta, pu\u00f2 essere apripista di importanti cambiamenti\u201d.<div id=\"div-gpt-ad-Messinaoggi.it-DSK-300x250-corpoart\" style=\"text-align:center;margin:0 auto;\"><\/div><\/p>\n<div id=\"videoincontent\" style=\"clear:both\";><\/div>","protected":false},"excerpt":{"rendered":"<p>\u201cUn primo passo si \u00e8 compiuto, adesso andiamo avanti il pi\u00f9 velocemente e concretamente possibile\u201d. Cos\u00ec il capogruppo di Fratelli d\u2019Italia all\u2019Ars, Elvira Amata, dopo l\u2019approvazione in Aula dell\u2019ordine del giorno di FdI su semplificazione e sburocratizzazione. \u201cSemplificazione \u00e8 la parola chiave per comprendere qual \u00e8 la primaria necessit\u00e0 del nostro sistema e porre rimedio [&hellip;]<\/p>\n","protected":false},"author":8,"featured_media":1624,"comment_status":"closed","ping_status":"closed","sticky":false,"template":"","format":"standard","meta":{"ub_ctt_via":"","_mi_skip_tracking":false},"categories":[11],"tags":[],"featured_image_src":"https:\/\/www.messinaoggi.it\/website\/wp-content\/uploads\/2017\/06\/Amata-Elvira-2-2.jpg","author_info":{"display_name":"red..me","author_link":"https:\/\/www.messinaoggi.it\/website\/author\/redstage\/"},"digistream_id":0,"digistream":false,"_links":{"self":[{"href":"https:\/\/www.messinaoggi.it\/website\/wp-json\/wp\/v2\/posts\/44089"}],"collection":[{"href":"https:\/\/www.messinaoggi.it\/website\/wp-json\/wp\/v2\/posts"}],"about":[{"href":"https:\/\/www.messinaoggi.it\/website\/wp-json\/wp\/v2\/types\/post"}],"author":[{"embeddable":true,"href":"https:\/\/www.messinaoggi.it\/website\/wp-json\/wp\/v2\/users\/8"}],"replies":[{"embeddable":true,"href":"https:\/\/www.messinaoggi.it\/website\/wp-json\/wp\/v2\/comments?post=44089"}],"version-history":[{"count":0,"href":"https:\/\/www.messinaoggi.it\/website\/wp-json\/wp\/v2\/posts\/44089\/revisions"}],"wp:featuredmedia":[{"embeddable":true,"href":"https:\/\/www.messinaoggi.it\/website\/wp-json\/wp\/v2\/media\/1624"}],"wp:attachment":[{"href":"https:\/\/www.messinaoggi.it\/website\/wp-json\/wp\/v2\/media?parent=44089"}],"wp:term":[{"taxonomy":"category","embeddable":true,"href":"https:\/\/www.messinaoggi.it\/website\/wp-json\/wp\/v2\/categories?post=44089"},{"taxonomy":"post_tag","embeddable":true,"href":"https:\/\/www.messinaoggi.it\/website\/wp-json\/wp\/v2\/tags?post=44089"}],"curies":[{"name":"wp","href":"https:\/\/api.w.org\/{rel}","templated":true}]}}