{"id":44066,"date":"2020-05-28T15:35:03","date_gmt":"2020-05-28T13:35:03","guid":{"rendered":"https:\/\/www.messinaoggi.it\/website\/?p=44066"},"modified":"2020-05-28T15:35:03","modified_gmt":"2020-05-28T13:35:03","slug":"truffa-messinese-arrestato-nel-siracusano","status":"publish","type":"post","link":"https:\/\/www.messinaoggi.it\/website\/2020\/05\/28\/truffa-messinese-arrestato-nel-siracusano\/","title":{"rendered":"Truffa, messinese arrestato nel Siracusano"},"content":{"rendered":"<p>Un uomo di 72 anni, Michele Fiasch\u00e8, originario di Messina, ma residente a Melilli, \u00e8 stato arrestato dai carabinieri della Stazione di Priolo Gargallo, in esecuzione di un provvedimento emesso dall\u2019Autorit\u00e0 giudiziaria di Torino.<br \/>\nL&#8217;uomo, noto alle forze dell&#8217;ordine, \u00e8 responsabile di aver commesso una truffa a Venaria Reale, in Piemonte. Fiasch\u00e8 \u00e8 stato rinchiuso nel carcere di Brucoli.<div id=\"div-gpt-ad-Messinaoggi.it-DSK-300x250-corpoart\" style=\"text-align:center;margin:0 auto;\"><\/div><\/p>\n<div id=\"videoincontent\" style=\"clear:both\";><\/div>","protected":false},"excerpt":{"rendered":"<p>Un uomo di 72 anni, Michele Fiasch\u00e8, originario di Messina, ma residente a Melilli, \u00e8 stato arrestato dai carabinieri della Stazione di Priolo Gargallo, in esecuzione di un provvedimento emesso dall\u2019Autorit\u00e0 giudiziaria di Torino. L&#8217;uomo, noto alle forze dell&#8217;ordine, \u00e8 responsabile di aver commesso una truffa a Venaria Reale, in Piemonte. Fiasch\u00e8 \u00e8 stato rinchiuso [&hellip;]<\/p>\n","protected":false},"author":4,"featured_media":26892,"comment_status":"closed","ping_status":"closed","sticky":false,"template":"","format":"standard","meta":{"ub_ctt_via":"","_mi_skip_tracking":false},"categories":[5],"tags":[],"featured_image_src":"https:\/\/www.messinaoggi.it\/website\/wp-content\/uploads\/2018\/11\/voltante-cc-carabinieri-1.jpg","author_info":{"display_name":"redme","author_link":"https:\/\/www.messinaoggi.it\/website\/author\/redme\/"},"digistream_id":0,"digistream":false,"_links":{"self":[{"href":"https:\/\/www.messinaoggi.it\/website\/wp-json\/wp\/v2\/posts\/44066"}],"collection":[{"href":"https:\/\/www.messinaoggi.it\/website\/wp-json\/wp\/v2\/posts"}],"about":[{"href":"https:\/\/www.messinaoggi.it\/website\/wp-json\/wp\/v2\/types\/post"}],"author":[{"embeddable":true,"href":"https:\/\/www.messinaoggi.it\/website\/wp-json\/wp\/v2\/users\/4"}],"replies":[{"embeddable":true,"href":"https:\/\/www.messinaoggi.it\/website\/wp-json\/wp\/v2\/comments?post=44066"}],"version-history":[{"count":0,"href":"https:\/\/www.messinaoggi.it\/website\/wp-json\/wp\/v2\/posts\/44066\/revisions"}],"wp:featuredmedia":[{"embeddable":true,"href":"https:\/\/www.messinaoggi.it\/website\/wp-json\/wp\/v2\/media\/26892"}],"wp:attachment":[{"href":"https:\/\/www.messinaoggi.it\/website\/wp-json\/wp\/v2\/media?parent=44066"}],"wp:term":[{"taxonomy":"category","embeddable":true,"href":"https:\/\/www.messinaoggi.it\/website\/wp-json\/wp\/v2\/categories?post=44066"},{"taxonomy":"post_tag","embeddable":true,"href":"https:\/\/www.messinaoggi.it\/website\/wp-json\/wp\/v2\/tags?post=44066"}],"curies":[{"name":"wp","href":"https:\/\/api.w.org\/{rel}","templated":true}]}}