{"id":44020,"date":"2020-05-27T16:57:05","date_gmt":"2020-05-27T14:57:05","guid":{"rendered":"https:\/\/www.messinaoggi.it\/website\/?p=44020"},"modified":"2020-05-27T16:57:05","modified_gmt":"2020-05-27T14:57:05","slug":"concorso-asp-uil-fpl-delibera-commissione-va-ritirata-per-unanomalia","status":"publish","type":"post","link":"https:\/\/www.messinaoggi.it\/website\/2020\/05\/27\/concorso-asp-uil-fpl-delibera-commissione-va-ritirata-per-unanomalia\/","title":{"rendered":"Concorso Asp, Uil-Fpl: &quot;Delibera commissione va ritirata per un&#039;anomalia&quot;"},"content":{"rendered":"<p style=\"text-align: justify;\">\u201cLa scrivente organizzazione sindacale, presa visione della deliberazione n\u00b0 1299\/DG del 12 Mag 2020 e allegati, con la quale codesta amministrazione ha approvato le composizioni delle commissioni per la valutazione dei titoli e l\u2019affidamento degli incarichi di Unit\u00e0 operativa complessa e incarichi dirigenziali a tempo determinato. Per quanto concerne la selezione per il personale della dirigenza delle professioni sanitarie Infermieristiche ed Ostetriche, la Uil-Fpl ha riscontrato un\u2019anomalia tra la nomina della Commissione della predetta selezione, allegato nota prot n\u00b0 55963 del 07\/05\/2020 che erroneamente indicava, come oggetto, il succitato profilo Dirigenziale, ma nel corpo del testo, veniva indicato il conferimento di incarico di sostituzione del Direttore della U.O C di Pneumologia\u201d<div id=\"div-gpt-ad-Messinaoggi.it-DSK-300x250-corpoart\" style=\"text-align:center;margin:0 auto;\"><\/div><\/p>\n<p style=\"text-align: justify;\">Lo scrive in una nota a firma del segretario generale, Pippo Calapai, la Uil-Fpl di Messina.<div id=\"videoincontent\" style=\"clear:both\";><\/div><\/p>\n<p style=\"text-align: justify;\">\u201cAl fine di evitare che la suddetta procedura possa essere inficiata per mero errore materiale, la Uil-Fpl chiede la revoca del succitato provvedimento e la adozione di una successiva delibera in armonia con la selezione richiamata. La scrivente organizzazione sindacale, apprezza lo sforzo fatto da codesta Amministrazione in Linea con la nostra Politica Sanitaria. Siamo convinti da sempre che questa strategia dar\u00e0 maggior sostenibilit\u00e0 ed efficienza alla Assistenza in particolare a quella Infermieristica. Siamo altres\u00ec certi che tutta la procedura verr\u00e0 espletata in maniera oggettiva e trasparente, premiando i migliori professionisti che da anni si sono sacrificati a conseguire i titoli occorrenti\u201d.<\/p>\n<p style=\"text-align: justify;\">Conclude Pippo Calapai.<\/p>\n","protected":false},"excerpt":{"rendered":"<p>\u201cLa scrivente organizzazione sindacale, presa visione della deliberazione n\u00b0 1299\/DG del 12 Mag 2020 e allegati, con la quale codesta amministrazione ha approvato le composizioni delle commissioni per la valutazione dei titoli e l\u2019affidamento degli incarichi di Unit\u00e0 operativa complessa e incarichi dirigenziali a tempo determinato. Per quanto concerne la selezione per il personale della [&hellip;]<\/p>\n","protected":false},"author":2,"featured_media":8378,"comment_status":"closed","ping_status":"closed","sticky":false,"template":"","format":"standard","meta":{"ub_ctt_via":"","_mi_skip_tracking":false},"categories":[6],"tags":[],"featured_image_src":"https:\/\/www.messinaoggi.it\/website\/wp-content\/uploads\/2017\/09\/calapai-uilRRP_8323-2.jpg","author_info":{"display_name":"Redazione","author_link":"https:\/\/www.messinaoggi.it\/website\/author\/redazione\/"},"digistream_id":0,"digistream":false,"_links":{"self":[{"href":"https:\/\/www.messinaoggi.it\/website\/wp-json\/wp\/v2\/posts\/44020"}],"collection":[{"href":"https:\/\/www.messinaoggi.it\/website\/wp-json\/wp\/v2\/posts"}],"about":[{"href":"https:\/\/www.messinaoggi.it\/website\/wp-json\/wp\/v2\/types\/post"}],"author":[{"embeddable":true,"href":"https:\/\/www.messinaoggi.it\/website\/wp-json\/wp\/v2\/users\/2"}],"replies":[{"embeddable":true,"href":"https:\/\/www.messinaoggi.it\/website\/wp-json\/wp\/v2\/comments?post=44020"}],"version-history":[{"count":0,"href":"https:\/\/www.messinaoggi.it\/website\/wp-json\/wp\/v2\/posts\/44020\/revisions"}],"wp:featuredmedia":[{"embeddable":true,"href":"https:\/\/www.messinaoggi.it\/website\/wp-json\/wp\/v2\/media\/8378"}],"wp:attachment":[{"href":"https:\/\/www.messinaoggi.it\/website\/wp-json\/wp\/v2\/media?parent=44020"}],"wp:term":[{"taxonomy":"category","embeddable":true,"href":"https:\/\/www.messinaoggi.it\/website\/wp-json\/wp\/v2\/categories?post=44020"},{"taxonomy":"post_tag","embeddable":true,"href":"https:\/\/www.messinaoggi.it\/website\/wp-json\/wp\/v2\/tags?post=44020"}],"curies":[{"name":"wp","href":"https:\/\/api.w.org\/{rel}","templated":true}]}}