{"id":43994,"date":"2020-05-26T21:58:36","date_gmt":"2020-05-26T19:58:36","guid":{"rendered":"https:\/\/www.messinaoggi.it\/website\/?p=43994"},"modified":"2020-05-26T21:58:36","modified_gmt":"2020-05-26T19:58:36","slug":"via-cuore-del-gesu-interventi-di-sistemazione-dei-marciapiedi","status":"publish","type":"post","link":"https:\/\/www.messinaoggi.it\/website\/2020\/05\/26\/via-cuore-del-gesu-interventi-di-sistemazione-dei-marciapiedi\/","title":{"rendered":"Via Cuore del Ges\u00f9, interventi di sistemazione dei marciapiedi"},"content":{"rendered":"<p>Sino a gioved\u00ec, nella fascia oraria 7-17, saranno vietati la sosta, su entrambi i lati ed il transito veicolare in via Cuore del Ges\u00f9, strada di collegamento tra il viale Giostra e via Palermo, garantendo in sicurezza il transito pedonale. L\u2019ordinanza del Dipartimento Servizi Territoriali ed Urbanistici \u00e8 stata disposta per consentire gli interventi per la riqualificazione della pavimentazione stradale di alcune vie ad elevato flusso veicolare nel territorio del Comune.<div id=\"div-gpt-ad-Messinaoggi.it-DSK-300x250-corpoart\" style=\"text-align:center;margin:0 auto;\"><\/div><\/p>\n<div id=\"videoincontent\" style=\"clear:both\";><\/div>","protected":false},"excerpt":{"rendered":"<p>Sino a gioved\u00ec, nella fascia oraria 7-17, saranno vietati la sosta, su entrambi i lati ed il transito veicolare in via Cuore del Ges\u00f9, strada di collegamento tra il viale Giostra e via Palermo, garantendo in sicurezza il transito pedonale. L\u2019ordinanza del Dipartimento Servizi Territoriali ed Urbanistici \u00e8 stata disposta per consentire gli interventi per [&hellip;]<\/p>\n","protected":false},"author":4,"featured_media":23214,"comment_status":"closed","ping_status":"closed","sticky":false,"template":"","format":"standard","meta":{"ub_ctt_via":"","_mi_skip_tracking":false},"categories":[5],"tags":[],"featured_image_src":"https:\/\/www.messinaoggi.it\/website\/wp-content\/uploads\/2018\/08\/segnali-stradali-cantiere-lavori-1.jpg","author_info":{"display_name":"redme","author_link":"https:\/\/www.messinaoggi.it\/website\/author\/redme\/"},"digistream_id":0,"digistream":false,"_links":{"self":[{"href":"https:\/\/www.messinaoggi.it\/website\/wp-json\/wp\/v2\/posts\/43994"}],"collection":[{"href":"https:\/\/www.messinaoggi.it\/website\/wp-json\/wp\/v2\/posts"}],"about":[{"href":"https:\/\/www.messinaoggi.it\/website\/wp-json\/wp\/v2\/types\/post"}],"author":[{"embeddable":true,"href":"https:\/\/www.messinaoggi.it\/website\/wp-json\/wp\/v2\/users\/4"}],"replies":[{"embeddable":true,"href":"https:\/\/www.messinaoggi.it\/website\/wp-json\/wp\/v2\/comments?post=43994"}],"version-history":[{"count":0,"href":"https:\/\/www.messinaoggi.it\/website\/wp-json\/wp\/v2\/posts\/43994\/revisions"}],"wp:featuredmedia":[{"embeddable":true,"href":"https:\/\/www.messinaoggi.it\/website\/wp-json\/wp\/v2\/media\/23214"}],"wp:attachment":[{"href":"https:\/\/www.messinaoggi.it\/website\/wp-json\/wp\/v2\/media?parent=43994"}],"wp:term":[{"taxonomy":"category","embeddable":true,"href":"https:\/\/www.messinaoggi.it\/website\/wp-json\/wp\/v2\/categories?post=43994"},{"taxonomy":"post_tag","embeddable":true,"href":"https:\/\/www.messinaoggi.it\/website\/wp-json\/wp\/v2\/tags?post=43994"}],"curies":[{"name":"wp","href":"https:\/\/api.w.org\/{rel}","templated":true}]}}