{"id":43944,"date":"2020-05-25T15:40:13","date_gmt":"2020-05-25T13:40:13","guid":{"rendered":"https:\/\/www.messinaoggi.it\/website\/?p=43944"},"modified":"2020-05-25T15:40:13","modified_gmt":"2020-05-25T13:40:13","slug":"mazzarra-santandrea-auto-distrutta-dalle-fiamme","status":"publish","type":"post","link":"https:\/\/www.messinaoggi.it\/website\/2020\/05\/25\/mazzarra-santandrea-auto-distrutta-dalle-fiamme\/","title":{"rendered":"Mazzarr\u00e0 Sant&#039;Andrea, auto distrutta dalle fiamme"},"content":{"rendered":"<p><span class=\"sender\">Intervento dei Vigili del fuoco di Milazzo questa mattina, intorno alle 6,\u00a0 per domare l&#8217;incendio di un&#8217;auto avvenuto<\/span><span class=\"sender\"> in localit\u00e0 Mazzar\u00e0 Sant&#8217;Andrea<\/span><span class=\"sender\">.<\/span><br \/>\n<span class=\"sender\">Il tempestivo intervento non ha salvato la vettura dalle fiamme: il mezzo \u00e8 andato <\/span><span class=\"sender\">completamente distrutto.<\/span><br \/>\n<span class=\"sender\">Le operazioni si sono concluse con la messa in sicurezza e bonifica del posto. Sulla vicenda indagano i carabinieri.\u00a0<\/span><div id=\"div-gpt-ad-Messinaoggi.it-DSK-300x250-corpoart\" style=\"text-align:center;margin:0 auto;\"><\/div><\/p>\n<div id=\"videoincontent\" style=\"clear:both\";><\/div>","protected":false},"excerpt":{"rendered":"<p>Intervento dei Vigili del fuoco di Milazzo questa mattina, intorno alle 6,\u00a0 per domare l&#8217;incendio di un&#8217;auto avvenuto in localit\u00e0 Mazzar\u00e0 Sant&#8217;Andrea. Il tempestivo intervento non ha salvato la vettura dalle fiamme: il mezzo \u00e8 andato completamente distrutto. Le operazioni si sono concluse con la messa in sicurezza e bonifica del posto. Sulla vicenda indagano [&hellip;]<\/p>\n","protected":false},"author":4,"featured_media":43945,"comment_status":"closed","ping_status":"closed","sticky":false,"template":"","format":"standard","meta":{"ub_ctt_via":"","_mi_skip_tracking":false},"categories":[13,14],"tags":[],"featured_image_src":"https:\/\/www.messinaoggi.it\/website\/wp-content\/uploads\/2020\/05\/IMG-20200525-WA0001_wm-1.jpg","author_info":{"display_name":"redme","author_link":"https:\/\/www.messinaoggi.it\/website\/author\/redme\/"},"digistream_id":0,"digistream":false,"_links":{"self":[{"href":"https:\/\/www.messinaoggi.it\/website\/wp-json\/wp\/v2\/posts\/43944"}],"collection":[{"href":"https:\/\/www.messinaoggi.it\/website\/wp-json\/wp\/v2\/posts"}],"about":[{"href":"https:\/\/www.messinaoggi.it\/website\/wp-json\/wp\/v2\/types\/post"}],"author":[{"embeddable":true,"href":"https:\/\/www.messinaoggi.it\/website\/wp-json\/wp\/v2\/users\/4"}],"replies":[{"embeddable":true,"href":"https:\/\/www.messinaoggi.it\/website\/wp-json\/wp\/v2\/comments?post=43944"}],"version-history":[{"count":0,"href":"https:\/\/www.messinaoggi.it\/website\/wp-json\/wp\/v2\/posts\/43944\/revisions"}],"wp:featuredmedia":[{"embeddable":true,"href":"https:\/\/www.messinaoggi.it\/website\/wp-json\/wp\/v2\/media\/43945"}],"wp:attachment":[{"href":"https:\/\/www.messinaoggi.it\/website\/wp-json\/wp\/v2\/media?parent=43944"}],"wp:term":[{"taxonomy":"category","embeddable":true,"href":"https:\/\/www.messinaoggi.it\/website\/wp-json\/wp\/v2\/categories?post=43944"},{"taxonomy":"post_tag","embeddable":true,"href":"https:\/\/www.messinaoggi.it\/website\/wp-json\/wp\/v2\/tags?post=43944"}],"curies":[{"name":"wp","href":"https:\/\/api.w.org\/{rel}","templated":true}]}}