{"id":43901,"date":"2020-05-25T08:15:56","date_gmt":"2020-05-25T06:15:56","guid":{"rendered":"https:\/\/www.messinaoggi.it\/website\/?p=43901"},"modified":"2020-05-25T08:15:56","modified_gmt":"2020-05-25T06:15:56","slug":"policlinico-prosegue-la-riorganizzazione-delle-uo-fgu-vogliamo-un-confronto","status":"publish","type":"post","link":"https:\/\/www.messinaoggi.it\/website\/2020\/05\/25\/policlinico-prosegue-la-riorganizzazione-delle-uo-fgu-vogliamo-un-confronto\/","title":{"rendered":"Policlinico, prosegue la riorganizzazione delle Uo. Fgu: &quot;Vogliamo un confronto&quot;"},"content":{"rendered":"<p>Nuovi \u201ctraslochi\u201d in vista per il personale ospedaliero del Policlinico di Messina. Parrebbe infatti che le unit\u00e0 operative di Cardiologia con UTIC e Stroke Unit verranno trasferite presso altri locali dell\u2019Azienda ospedaliera, analogamente a quanto dovrebbe avvenire con l\u2019unit\u00e0 operativa di Neurologia. \u201cSiamo venuti a conoscenza che ci sia in atto una riorganizzazione attraverso trasferimenti di Unit\u00e0 Operative con modalit\u00e0 e tempistica inopportune. &#8211; dichiara il coordinatore della Fgu, Paolo Todaro &#8211; Gi\u00e0 nei giorni scorsi eravamo intervenuti per il trasferimento degli ambulatori di Neurologia che sono sede di importanti centri di riferimento regionale. Oggi l\u2019allarme viene lanciato dal personale delle unit\u00e0 operative di Cardiologia con UTIC e Stroke Unit\u201d.<div id=\"div-gpt-ad-Messinaoggi.it-DSK-300x250-corpoart\" style=\"text-align:center;margin:0 auto;\"><\/div><\/p>\n<blockquote class=\"wp-embedded-content\" data-secret=\"aVxxJ3sJe6\"><p><a href=\"https:\/\/www.messinaoggi.it\/website\/2020\/05\/15\/policlinico-ambulatori-di-neurologia-passeranno-al-pad-e-fgu-locali-inadeguati\/\">Policlinico, ambulatori di Neurologia passeranno al pad. E. Fgu: &quot;Locali inadeguati&quot;<\/a><div id=\"videoincontent\" style=\"clear:both\";><\/div><\/p><\/blockquote>\n<p><iframe class=\"wp-embedded-content\" sandbox=\"allow-scripts\" security=\"restricted\" style=\"position: absolute; clip: rect(1px, 1px, 1px, 1px);\" title=\"&#8220;Policlinico, ambulatori di Neurologia passeranno al pad. E. Fgu: &quot;Locali inadeguati&quot;&#8221; &#8212; Messina Oggi\" src=\"https:\/\/www.messinaoggi.it\/website\/2020\/05\/15\/policlinico-ambulatori-di-neurologia-passeranno-al-pad-e-fgu-locali-inadeguati\/embed\/#?secret=aVxxJ3sJe6\" data-secret=\"aVxxJ3sJe6\" width=\"500\" height=\"282\" frameborder=\"0\" marginwidth=\"0\" marginheight=\"0\" scrolling=\"no\"><\/iframe><br \/>\n\u201cSi vocifera che queste due unit\u00e0 dovrebbero nel giro di qualche giorno trasferirsi nei locali del padiglione E, &#8211; spiega Todaro &#8211; con la Cardiologia suddivisa addirittura su tre piani, con gravissimi problemi assistenziali e medico-legali per il medico di guardia nella gestione dei pazienti e delle emergenze, vicino alla Stroke, che in atto si trova in carenza di organico, non effettua guardie attive nelle notti e festivi tamponando con la reperibilit\u00e0; difatti lo spostamento delle due unit\u00e0 dovrebbe anche servire per poter disporre di una guardia interdivisionale tra Cardiologi e Neurologi, con gravissimi conseguenze per la salute dei pazienti e per tutto il personale. Tutto ci\u00f2 condito anche da altri trasferimenti senza una approfondita programmazione e razionalizzazione, senza tener conto di tutti i locali gi\u00e0 ristrutturati con ingenti risorse utilizzate, ma basata soltanto tra accordi di vertice.<br \/>\n\u201cSi coglie l\u2019occasione per denunciare inoltre che durante la fase emergenziale si \u00e8 svolta quasi regolarmente attivit\u00e0 presso le sale operatorie dei padiglioni NI e F, interventi cosiddetti urgenti, senza avere a disposizione posti letto disponibili di Terapia Intensiva, perch\u00e9 messi tutti a disposizione per l\u2019emergenza covid con l\u2019aggravante ed il rischio di aver dovuto trasferire, in urgenza, pazienti presso altre strutture regionali con posti letto no-covid. Chiediamo pertanto che venga, predisposta e sottoposta a confronto preventivo con tutti gli addetti ai lavori, una programmazione dell\u2019intera Azienda nell\u2019esclusivo interesse della collettivit\u00e0\u201d.<\/p>\n","protected":false},"excerpt":{"rendered":"<p>Nuovi \u201ctraslochi\u201d in vista per il personale ospedaliero del Policlinico di Messina. Parrebbe infatti che le unit\u00e0 operative di Cardiologia con UTIC e Stroke Unit verranno trasferite presso altri locali dell\u2019Azienda ospedaliera, analogamente a quanto dovrebbe avvenire con l\u2019unit\u00e0 operativa di Neurologia. \u201cSiamo venuti a conoscenza che ci sia in atto una riorganizzazione attraverso trasferimenti [&hellip;]<\/p>\n","protected":false},"author":8,"featured_media":1425,"comment_status":"closed","ping_status":"closed","sticky":false,"template":"","format":"standard","meta":{"ub_ctt_via":"","_mi_skip_tracking":false},"categories":[5],"tags":[],"featured_image_src":"https:\/\/www.messinaoggi.it\/website\/wp-content\/uploads\/2017\/06\/Policlinico-Pronto-Soccorso-3.jpg","author_info":{"display_name":"red..me","author_link":"https:\/\/www.messinaoggi.it\/website\/author\/redstage\/"},"digistream_id":0,"digistream":false,"_links":{"self":[{"href":"https:\/\/www.messinaoggi.it\/website\/wp-json\/wp\/v2\/posts\/43901"}],"collection":[{"href":"https:\/\/www.messinaoggi.it\/website\/wp-json\/wp\/v2\/posts"}],"about":[{"href":"https:\/\/www.messinaoggi.it\/website\/wp-json\/wp\/v2\/types\/post"}],"author":[{"embeddable":true,"href":"https:\/\/www.messinaoggi.it\/website\/wp-json\/wp\/v2\/users\/8"}],"replies":[{"embeddable":true,"href":"https:\/\/www.messinaoggi.it\/website\/wp-json\/wp\/v2\/comments?post=43901"}],"version-history":[{"count":0,"href":"https:\/\/www.messinaoggi.it\/website\/wp-json\/wp\/v2\/posts\/43901\/revisions"}],"wp:featuredmedia":[{"embeddable":true,"href":"https:\/\/www.messinaoggi.it\/website\/wp-json\/wp\/v2\/media\/1425"}],"wp:attachment":[{"href":"https:\/\/www.messinaoggi.it\/website\/wp-json\/wp\/v2\/media?parent=43901"}],"wp:term":[{"taxonomy":"category","embeddable":true,"href":"https:\/\/www.messinaoggi.it\/website\/wp-json\/wp\/v2\/categories?post=43901"},{"taxonomy":"post_tag","embeddable":true,"href":"https:\/\/www.messinaoggi.it\/website\/wp-json\/wp\/v2\/tags?post=43901"}],"curies":[{"name":"wp","href":"https:\/\/api.w.org\/{rel}","templated":true}]}}