{"id":43890,"date":"2020-05-24T10:32:03","date_gmt":"2020-05-24T08:32:03","guid":{"rendered":"https:\/\/www.messinaoggi.it\/website\/?p=43890"},"modified":"2020-05-24T10:32:03","modified_gmt":"2020-05-24T08:32:03","slug":"sbloccati-400-per-la-sanita-siciliana","status":"publish","type":"post","link":"https:\/\/www.messinaoggi.it\/website\/2020\/05\/24\/sbloccati-400-per-la-sanita-siciliana\/","title":{"rendered":"Sbloccati 400 milioni per la sanit\u00e0 siciliana"},"content":{"rendered":"<p>Una premialit\u00e0 di 400 milioni di euro per la Sanit\u00e0 della Sicilia. E\u2019 quanto riconosciuto alla Regione dal Tavolo composto dai rappresentanti dei ministeri dell\u2019Economia e della Salute, che monitora l\u2019andamento del Piano di rientro siciliano.<br \/>\nSono fondi che sono stati \u2018liberati\u2019 in virt\u00f9 degli obiettivi raggiunti nel 2019 dal Governo Musumeci per il contenimento dei costi ed il contestuale miglioramento nell\u2019erogazione dei servizi sanitari.<div id=\"div-gpt-ad-Messinaoggi.it-DSK-300x250-corpoart\" style=\"text-align:center;margin:0 auto;\"><\/div><\/p>\n<div id=\"videoincontent\" style=\"clear:both\";><\/div>","protected":false},"excerpt":{"rendered":"<p>Una premialit\u00e0 di 400 milioni di euro per la Sanit\u00e0 della Sicilia. E\u2019 quanto riconosciuto alla Regione dal Tavolo composto dai rappresentanti dei ministeri dell\u2019Economia e della Salute, che monitora l\u2019andamento del Piano di rientro siciliano. Sono fondi che sono stati \u2018liberati\u2019 in virt\u00f9 degli obiettivi raggiunti nel 2019 dal Governo Musumeci per il contenimento [&hellip;]<\/p>\n","protected":false},"author":4,"featured_media":2875,"comment_status":"closed","ping_status":"closed","sticky":false,"template":"","format":"standard","meta":{"ub_ctt_via":"","_mi_skip_tracking":false},"categories":[11],"tags":[],"featured_image_src":"https:\/\/www.messinaoggi.it\/website\/wp-content\/uploads\/2017\/06\/sanita-2.jpg","author_info":{"display_name":"redme","author_link":"https:\/\/www.messinaoggi.it\/website\/author\/redme\/"},"digistream_id":0,"digistream":false,"_links":{"self":[{"href":"https:\/\/www.messinaoggi.it\/website\/wp-json\/wp\/v2\/posts\/43890"}],"collection":[{"href":"https:\/\/www.messinaoggi.it\/website\/wp-json\/wp\/v2\/posts"}],"about":[{"href":"https:\/\/www.messinaoggi.it\/website\/wp-json\/wp\/v2\/types\/post"}],"author":[{"embeddable":true,"href":"https:\/\/www.messinaoggi.it\/website\/wp-json\/wp\/v2\/users\/4"}],"replies":[{"embeddable":true,"href":"https:\/\/www.messinaoggi.it\/website\/wp-json\/wp\/v2\/comments?post=43890"}],"version-history":[{"count":0,"href":"https:\/\/www.messinaoggi.it\/website\/wp-json\/wp\/v2\/posts\/43890\/revisions"}],"wp:featuredmedia":[{"embeddable":true,"href":"https:\/\/www.messinaoggi.it\/website\/wp-json\/wp\/v2\/media\/2875"}],"wp:attachment":[{"href":"https:\/\/www.messinaoggi.it\/website\/wp-json\/wp\/v2\/media?parent=43890"}],"wp:term":[{"taxonomy":"category","embeddable":true,"href":"https:\/\/www.messinaoggi.it\/website\/wp-json\/wp\/v2\/categories?post=43890"},{"taxonomy":"post_tag","embeddable":true,"href":"https:\/\/www.messinaoggi.it\/website\/wp-json\/wp\/v2\/tags?post=43890"}],"curies":[{"name":"wp","href":"https:\/\/api.w.org\/{rel}","templated":true}]}}