{"id":43868,"date":"2020-05-23T19:59:14","date_gmt":"2020-05-23T17:59:14","guid":{"rendered":"https:\/\/www.messinaoggi.it\/website\/?p=43868"},"modified":"2020-05-23T19:59:14","modified_gmt":"2020-05-23T17:59:14","slug":"movida-da-stasera-rigidi-controlli-anti-assembramento","status":"publish","type":"post","link":"https:\/\/www.messinaoggi.it\/website\/2020\/05\/23\/movida-da-stasera-rigidi-controlli-anti-assembramento\/","title":{"rendered":"Movida: da stasera rigidi controlli anti-assembramento"},"content":{"rendered":"<p>Il giorno dei zero contagi in Sicilia \u00e8 arrivato, adesso non bisogna abbassare la guardia perch\u00e9 la lotta al Coronavirus non \u00e8 ancora conclusa. \u00c8 la spregiudicatezza dei giovani a preoccupare gli esperti e le forze dell&#8217;ordine, per questo motivo una maggiore attenzione sar\u00e0 riservata al cosiddetto &#8220;popolo della notte&#8221;.<br \/>\nDopo gli assembramenti di ieri sera in pieno centro, l&#8217;obiettivo \u00e8 limitare gli assembramenti per evitare possibili contagi.<br \/>\n<img loading=\"lazy\" class=\"alignnone size-medium wp-image-43871\" src=\"https:\/\/www.messinaoggi.it\/website\/wp-content\/uploads\/2020\/05\/IMG-20200523-WA0012-300x222.jpg\" alt=\"\" width=\"300\" height=\"222\" \/><br \/>\nControlli interforze sono previsti per tutto il fine settimana nei punti nevralgici della citt\u00e0, a partire da questa sera.<br \/>\n<img loading=\"lazy\" class=\"alignnone size-medium wp-image-43870\" src=\"https:\/\/www.messinaoggi.it\/website\/wp-content\/uploads\/2020\/05\/IMG-20200523-WA0011-300x199.jpg\" alt=\"\" width=\"300\" height=\"199\" \/><br \/>\nRibadiamo che la mascherina protettiva \u00e8 obbligatoria nei luoghi pubblici, \u00e8 importante ricordare che la multa in caso il divieto dovesse essere trasgredito \u00e8 di 400 euro.<div id=\"div-gpt-ad-Messinaoggi.it-DSK-300x250-corpoart\" style=\"text-align:center;margin:0 auto;\"><\/div><\/p>\n<div id=\"videoincontent\" style=\"clear:both\";><\/div>","protected":false},"excerpt":{"rendered":"<p>Il giorno dei zero contagi in Sicilia \u00e8 arrivato, adesso non bisogna abbassare la guardia perch\u00e9 la lotta al Coronavirus non \u00e8 ancora conclusa. \u00c8 la spregiudicatezza dei giovani a preoccupare gli esperti e le forze dell&#8217;ordine, per questo motivo una maggiore attenzione sar\u00e0 riservata al cosiddetto &#8220;popolo della notte&#8221;. Dopo gli assembramenti di ieri [&hellip;]<\/p>\n","protected":false},"author":4,"featured_media":43869,"comment_status":"closed","ping_status":"closed","sticky":false,"template":"","format":"standard","meta":{"ub_ctt_via":"","_mi_skip_tracking":false},"categories":[19],"tags":[],"featured_image_src":"https:\/\/www.messinaoggi.it\/website\/wp-content\/uploads\/2020\/05\/IMG-20200523-WA0010.jpg","author_info":{"display_name":"redme","author_link":"https:\/\/www.messinaoggi.it\/website\/author\/redme\/"},"digistream_id":0,"digistream":false,"_links":{"self":[{"href":"https:\/\/www.messinaoggi.it\/website\/wp-json\/wp\/v2\/posts\/43868"}],"collection":[{"href":"https:\/\/www.messinaoggi.it\/website\/wp-json\/wp\/v2\/posts"}],"about":[{"href":"https:\/\/www.messinaoggi.it\/website\/wp-json\/wp\/v2\/types\/post"}],"author":[{"embeddable":true,"href":"https:\/\/www.messinaoggi.it\/website\/wp-json\/wp\/v2\/users\/4"}],"replies":[{"embeddable":true,"href":"https:\/\/www.messinaoggi.it\/website\/wp-json\/wp\/v2\/comments?post=43868"}],"version-history":[{"count":0,"href":"https:\/\/www.messinaoggi.it\/website\/wp-json\/wp\/v2\/posts\/43868\/revisions"}],"wp:featuredmedia":[{"embeddable":true,"href":"https:\/\/www.messinaoggi.it\/website\/wp-json\/wp\/v2\/media\/43869"}],"wp:attachment":[{"href":"https:\/\/www.messinaoggi.it\/website\/wp-json\/wp\/v2\/media?parent=43868"}],"wp:term":[{"taxonomy":"category","embeddable":true,"href":"https:\/\/www.messinaoggi.it\/website\/wp-json\/wp\/v2\/categories?post=43868"},{"taxonomy":"post_tag","embeddable":true,"href":"https:\/\/www.messinaoggi.it\/website\/wp-json\/wp\/v2\/tags?post=43868"}],"curies":[{"name":"wp","href":"https:\/\/api.w.org\/{rel}","templated":true}]}}