{"id":43840,"date":"2020-05-23T16:13:10","date_gmt":"2020-05-23T14:13:10","guid":{"rendered":"https:\/\/www.messinaoggi.it\/website\/?p=43840"},"modified":"2020-05-23T16:13:10","modified_gmt":"2020-05-23T14:13:10","slug":"mattarella-falcone-resti-esempio-per-i-giovani","status":"publish","type":"post","link":"https:\/\/www.messinaoggi.it\/website\/2020\/05\/23\/mattarella-falcone-resti-esempio-per-i-giovani\/","title":{"rendered":"Mattarella: &quot;Falcone resti esempio per i giovani&quot;"},"content":{"rendered":"<p>Lenzuola sui balconi anche delle sedi istituzionali, iniziative in streaming, incontri a distanza: Palermo ricorda oggi, senza cortei e nave della legalit\u00e0 causa Coronavirus, l\u2019attentato di Capaci nel 28esimo anniversario.<br \/>\n\u201cLa mafia si \u00e8 sempre nutrita di complicit\u00e0 e di paura, prosperando nell\u2019ombra. Le figure di Falcone e Borsellino, come di tanti altri servitori dello Stato caduti nella lotta al crimine organizzato, hanno fatto crescere nella societ\u00e0 il senso del dovere e dell\u2019impegno per contrastare la mafia e per far luce sulle sue tenebre, infondendo coraggio, suscitando rigetto e indignazione, provocando volont\u00e0 di giustizia e di legalit\u00e0\u201d, ha detto il presidente della Repubblica Sergio Mattarella.<br \/>\n\u201cI mafiosi, nel progettare l\u2019assassinio dei due magistrati, non avevano previsto un aspetto decisivo: quel che avrebbe provocato nella societ\u00e0 \u2013 ha detto Mattarella -. Nella loro mentalit\u00e0 criminale, non avevano previsto che l\u2019insegnamento di Falcone e di Borsellino, il loro esempio, i valori da loro manifestati, sarebbero sopravvissuti, rafforzandosi, oltre la loro morte: diffondendosi, trasmettendo aspirazione di libert\u00e0 dal crimine, radicandosi nella coscienza e nell\u2019affetto delle tante persone oneste\u201d.<br \/>\n\u201cI giovani sono stati tra i primi a comprendere il senso del sacrificio di Falcone e di Borsellino, e ne sono divenuti i depositari, in qualche modo anche gli eredi. Dal 1992, anno dopo anno, nuove generazioni di giovani si avvicinano a queste figure esemplari e si appassionano alla loro opera e alla dedizione alla giustizia che hanno manifestato \u2013 ha continuato Mattarella -. Cari ragazzi, il significato della vostra partecipazione, in questa giornata, \u00e8 il passaggio a voi del loro testimone. Siate fieri del loro esempio e ricordatelo sempre\u201d.<br \/>\n\u201cA ventotto anni dalla strage di Capaci invio un saluto caloroso a tutti i giovani delle scuole coinvolti nel progetto \u2018La nave della legalit\u00e0\u2019 \u2013 ha detto Mattarella rivolgendosi ai giovani nel suo videomessaggio \u2013 che ricorda Giovanni Falcone e Paolo Borsellino. E, con loro, Francesca Morvillo e gli agenti Agostino Catalano, Walter Eddie Cosina, Rocco Dicillo, Vincenzo Li Muli, Emanuela Loi, Antonio Montinaro, Vito Schifani e Claudio Traina\u201d.<br \/>\nE ha aggiunto: \u201cI due attentati di quel 1992 segnarono il punto pi\u00f9 alto della sfida della mafia nei confronti dello Stato e colpirono magistrati di grande prestigio e professionalit\u00e0 che, con coraggio e con determinazione, le avevano inferto durissimi colpi, svelandone organizzazione, legami, attivit\u00e0 illecite<div id=\"div-gpt-ad-Messinaoggi.it-DSK-300x250-corpoart\" style=\"text-align:center;margin:0 auto;\"><\/div><\/p>\n<div id=\"videoincontent\" style=\"clear:both\";><\/div>","protected":false},"excerpt":{"rendered":"<p>Lenzuola sui balconi anche delle sedi istituzionali, iniziative in streaming, incontri a distanza: Palermo ricorda oggi, senza cortei e nave della legalit\u00e0 causa Coronavirus, l\u2019attentato di Capaci nel 28esimo anniversario. \u201cLa mafia si \u00e8 sempre nutrita di complicit\u00e0 e di paura, prosperando nell\u2019ombra. Le figure di Falcone e Borsellino, come di tanti altri servitori dello [&hellip;]<\/p>\n","protected":false},"author":4,"featured_media":43883,"comment_status":"closed","ping_status":"closed","sticky":false,"template":"","format":"standard","meta":{"ub_ctt_via":"","_mi_skip_tracking":false},"categories":[11],"tags":[],"featured_image_src":"https:\/\/www.messinaoggi.it\/website\/wp-content\/uploads\/2020\/05\/10265636_10152236504608743_3994836454736370993_o.jpg","author_info":{"display_name":"redme","author_link":"https:\/\/www.messinaoggi.it\/website\/author\/redme\/"},"digistream_id":0,"digistream":false,"_links":{"self":[{"href":"https:\/\/www.messinaoggi.it\/website\/wp-json\/wp\/v2\/posts\/43840"}],"collection":[{"href":"https:\/\/www.messinaoggi.it\/website\/wp-json\/wp\/v2\/posts"}],"about":[{"href":"https:\/\/www.messinaoggi.it\/website\/wp-json\/wp\/v2\/types\/post"}],"author":[{"embeddable":true,"href":"https:\/\/www.messinaoggi.it\/website\/wp-json\/wp\/v2\/users\/4"}],"replies":[{"embeddable":true,"href":"https:\/\/www.messinaoggi.it\/website\/wp-json\/wp\/v2\/comments?post=43840"}],"version-history":[{"count":0,"href":"https:\/\/www.messinaoggi.it\/website\/wp-json\/wp\/v2\/posts\/43840\/revisions"}],"wp:featuredmedia":[{"embeddable":true,"href":"https:\/\/www.messinaoggi.it\/website\/wp-json\/wp\/v2\/media\/43883"}],"wp:attachment":[{"href":"https:\/\/www.messinaoggi.it\/website\/wp-json\/wp\/v2\/media?parent=43840"}],"wp:term":[{"taxonomy":"category","embeddable":true,"href":"https:\/\/www.messinaoggi.it\/website\/wp-json\/wp\/v2\/categories?post=43840"},{"taxonomy":"post_tag","embeddable":true,"href":"https:\/\/www.messinaoggi.it\/website\/wp-json\/wp\/v2\/tags?post=43840"}],"curies":[{"name":"wp","href":"https:\/\/api.w.org\/{rel}","templated":true}]}}