{"id":43829,"date":"2020-05-22T20:24:21","date_gmt":"2020-05-22T18:24:21","guid":{"rendered":"https:\/\/www.messinaoggi.it\/website\/?p=43829"},"modified":"2020-05-22T20:24:21","modified_gmt":"2020-05-22T18:24:21","slug":"aperture-domenicali-musumeci-ci-ripensa","status":"publish","type":"post","link":"https:\/\/www.messinaoggi.it\/website\/2020\/05\/22\/aperture-domenicali-musumeci-ci-ripensa\/","title":{"rendered":"Aperture domenicali, Musumeci ci ripensa?"},"content":{"rendered":"<p>La Regione siciliana sta valutando l\u2019opportunit\u00e0 di riaprire alcune attivit\u00e0 commerciali nei giorni domenicali e festivi.<br \/>\n\u201cStudieremo questa possibilit\u00e0 nei prossimi giorni \u2013 dice il governatore Nello Musumeci -, con la necessaria attenzione. Ogni decisione, comunque, non potr\u00e0 prescindere da un confronto con i vertici regionali delle organizzazioni di categoria e sindacali, fissato per marted\u00ec e gioved\u00ec della prossima settimana<div id=\"div-gpt-ad-Messinaoggi.it-DSK-300x250-corpoart\" style=\"text-align:center;margin:0 auto;\"><\/div><\/p>\n<div id=\"videoincontent\" style=\"clear:both\";><\/div>","protected":false},"excerpt":{"rendered":"<p>La Regione siciliana sta valutando l\u2019opportunit\u00e0 di riaprire alcune attivit\u00e0 commerciali nei giorni domenicali e festivi. \u201cStudieremo questa possibilit\u00e0 nei prossimi giorni \u2013 dice il governatore Nello Musumeci -, con la necessaria attenzione. Ogni decisione, comunque, non potr\u00e0 prescindere da un confronto con i vertici regionali delle organizzazioni di categoria e sindacali, fissato per marted\u00ec [&hellip;]<\/p>\n","protected":false},"author":4,"featured_media":39483,"comment_status":"closed","ping_status":"closed","sticky":false,"template":"","format":"standard","meta":{"ub_ctt_via":"","_mi_skip_tracking":false},"categories":[221],"tags":[],"featured_image_src":"https:\/\/www.messinaoggi.it\/website\/wp-content\/uploads\/2020\/01\/IMG-20200103-WA0005-1.jpg","author_info":{"display_name":"redme","author_link":"https:\/\/www.messinaoggi.it\/website\/author\/redme\/"},"digistream_id":0,"digistream":false,"_links":{"self":[{"href":"https:\/\/www.messinaoggi.it\/website\/wp-json\/wp\/v2\/posts\/43829"}],"collection":[{"href":"https:\/\/www.messinaoggi.it\/website\/wp-json\/wp\/v2\/posts"}],"about":[{"href":"https:\/\/www.messinaoggi.it\/website\/wp-json\/wp\/v2\/types\/post"}],"author":[{"embeddable":true,"href":"https:\/\/www.messinaoggi.it\/website\/wp-json\/wp\/v2\/users\/4"}],"replies":[{"embeddable":true,"href":"https:\/\/www.messinaoggi.it\/website\/wp-json\/wp\/v2\/comments?post=43829"}],"version-history":[{"count":0,"href":"https:\/\/www.messinaoggi.it\/website\/wp-json\/wp\/v2\/posts\/43829\/revisions"}],"wp:featuredmedia":[{"embeddable":true,"href":"https:\/\/www.messinaoggi.it\/website\/wp-json\/wp\/v2\/media\/39483"}],"wp:attachment":[{"href":"https:\/\/www.messinaoggi.it\/website\/wp-json\/wp\/v2\/media?parent=43829"}],"wp:term":[{"taxonomy":"category","embeddable":true,"href":"https:\/\/www.messinaoggi.it\/website\/wp-json\/wp\/v2\/categories?post=43829"},{"taxonomy":"post_tag","embeddable":true,"href":"https:\/\/www.messinaoggi.it\/website\/wp-json\/wp\/v2\/tags?post=43829"}],"curies":[{"name":"wp","href":"https:\/\/api.w.org\/{rel}","templated":true}]}}