{"id":43771,"date":"2020-05-21T13:40:38","date_gmt":"2020-05-21T11:40:38","guid":{"rendered":"https:\/\/www.messinaoggi.it\/website\/?p=43771"},"modified":"2020-05-21T13:40:38","modified_gmt":"2020-05-21T11:40:38","slug":"basta-ipocrisia-sete-di-verita-sulla-strage-di-capaci","status":"publish","type":"post","link":"https:\/\/www.messinaoggi.it\/website\/2020\/05\/21\/basta-ipocrisia-sete-di-verita-sulla-strage-di-capaci\/","title":{"rendered":"Basta ipocrisia, sete di verit\u00e0 sulla strage di Capaci"},"content":{"rendered":"<p>\u201cDobbiamo essere coerenti e non ipocriti ricordando Falcone. Quella di Giovanni Falcone fu una storia di solitudine, di sconfitte, di tradimenti subiti dentro e fuori la magistratura. Dovette difendersi dal Csm. Venne isolato, calunniato, accusato di costruire teoremi, mentre svelava i rapporti tra cosa nostra ed il potere. Gli venne contestato protagonismo, presenza sui media, di collaborare col governo, non fu eletto al csm. Sub\u00ec le stesse critiche che oggi si contestano ai magistrati pi\u00f9 esposti\u201d. ha ricordato il consigliere del Csm Sebastiano Ardita nel suo intervento al plenum in ricordo della strage di Capaci.<br \/>\n\u201cDovremmo fare in modo che, se rinascesse, Falcone non si ritrovasse in quelle stesse condizioni. Ma ho motivo di temere che oggi, con la gerarchia del nuovo ordinamento, Falcone non potrebbe neppure essere quello che \u00e8 stato. Questo dobbiamo dire e fare, se vogliamo rimanere distanti dall\u2019ipocrisia di certe commemorazioni ufficiali, alle quali oramai alcuni di noi preferiscono non andare pi\u00f9\u201d, ha concluso il togato di Autonomia e Indipendenza.<br \/>\nA sua volta, nel discorso per la commemorazione della strage di Capaci, Nino Di Matteo, ex pm antimafia, rincara la dose: \u201cTra pochi giorni ricorrer\u00e0 il ventottesimo anniversario della strage di Capaci. Del sacrificio di Giovanni Falcone, Francesca Morvillo, Vito Schifani, Rocco Di Cillo, Antonio Montinaro. A loro, che hanno perduto la loro vita per gli ideali di libert\u00e0 e giustizia ai quali avevano improntato tutta la loro esistenza, dobbiamo il rispetto della memoria e della verit\u00e0. Non sterili, e spesso finte, celebrazioni di facile retorica ma memoria e verit\u00e0\u201d.<br \/>\n\u201cMemoria significa anche \u2013 ha proseguito Di Matteo \u2013 conoscenza e consapevolezza di un dato di fatto incontestabile: Giovanni Falcone, prima di essere ucciso dal tritolo mafioso, venne pi\u00f9 volte delegittimato, umiliato e cos\u00ec di fatto isolato anche da una parte rilevante della magistratura e del Consiglio superiore. E questo in ragione non solo di meschini sentimenti di invidia ma, ancor di pi\u00f9, di patologiche trame di potere connesse a fenomeni ancora attuali di collateralismo politico e di evidente degenerazione del sistema correntizio. Anche per questo, oggi quest\u2019istituzione consiliare deve finalmente reagire, dimostrarsi in grado di sapersi mettere per sempre alle spalle pagine oscure, anche recenti, della sua storia\u201d.<br \/>\nDi Matteo ha esortato a mantenere \u201cmemoria e verit\u00e0\u201d. \u201cLa verit\u00e0 \u2013 sottolinea Di Matteo \u2013 \u00e8 quella che \u00e8 faticosamente emersa dalla storia dei processi celebratisi a Caltanissetta e a Palermo; quella che ha consentito di individuare i profili di molti dei responsabili mafiosi dell\u2019attentato di Capaci\u201d.<br \/>\nA suo avviso, \u201c\u00e8 proprio da quegli atti processuali, dal lavoro di valorosi colleghi e coraggiosi investigatori, che emerge la necessit\u00e0 di proseguire in quel percorso di verit\u00e0. Senza cedere alla tentazione dell\u2019oblio, della rimozione, del timore delle conseguenze di quella ricerca. Lo Stato, le Istituzioni, il Consiglio Superiore e tutta la Magistratura lo devono a Giovanni Falcone e a tutti coloro che non hanno avuto paura di morire:.<div id=\"div-gpt-ad-Messinaoggi.it-DSK-300x250-corpoart\" style=\"text-align:center;margin:0 auto;\"><\/div><\/p>\n<div id=\"videoincontent\" style=\"clear:both\";><\/div>","protected":false},"excerpt":{"rendered":"<p>\u201cDobbiamo essere coerenti e non ipocriti ricordando Falcone. Quella di Giovanni Falcone fu una storia di solitudine, di sconfitte, di tradimenti subiti dentro e fuori la magistratura. Dovette difendersi dal Csm. Venne isolato, calunniato, accusato di costruire teoremi, mentre svelava i rapporti tra cosa nostra ed il potere. Gli venne contestato protagonismo, presenza sui media, [&hellip;]<\/p>\n","protected":false},"author":4,"featured_media":18475,"comment_status":"closed","ping_status":"closed","sticky":false,"template":"","format":"standard","meta":{"ub_ctt_via":"","_mi_skip_tracking":false},"categories":[11],"tags":[],"featured_image_src":"https:\/\/www.messinaoggi.it\/website\/wp-content\/uploads\/2018\/04\/capaci-strage-falcone-mafia-1.jpg","author_info":{"display_name":"redme","author_link":"https:\/\/www.messinaoggi.it\/website\/author\/redme\/"},"digistream_id":0,"digistream":false,"_links":{"self":[{"href":"https:\/\/www.messinaoggi.it\/website\/wp-json\/wp\/v2\/posts\/43771"}],"collection":[{"href":"https:\/\/www.messinaoggi.it\/website\/wp-json\/wp\/v2\/posts"}],"about":[{"href":"https:\/\/www.messinaoggi.it\/website\/wp-json\/wp\/v2\/types\/post"}],"author":[{"embeddable":true,"href":"https:\/\/www.messinaoggi.it\/website\/wp-json\/wp\/v2\/users\/4"}],"replies":[{"embeddable":true,"href":"https:\/\/www.messinaoggi.it\/website\/wp-json\/wp\/v2\/comments?post=43771"}],"version-history":[{"count":0,"href":"https:\/\/www.messinaoggi.it\/website\/wp-json\/wp\/v2\/posts\/43771\/revisions"}],"wp:featuredmedia":[{"embeddable":true,"href":"https:\/\/www.messinaoggi.it\/website\/wp-json\/wp\/v2\/media\/18475"}],"wp:attachment":[{"href":"https:\/\/www.messinaoggi.it\/website\/wp-json\/wp\/v2\/media?parent=43771"}],"wp:term":[{"taxonomy":"category","embeddable":true,"href":"https:\/\/www.messinaoggi.it\/website\/wp-json\/wp\/v2\/categories?post=43771"},{"taxonomy":"post_tag","embeddable":true,"href":"https:\/\/www.messinaoggi.it\/website\/wp-json\/wp\/v2\/tags?post=43771"}],"curies":[{"name":"wp","href":"https:\/\/api.w.org\/{rel}","templated":true}]}}