{"id":43754,"date":"2020-05-21T07:00:18","date_gmt":"2020-05-21T05:00:18","guid":{"rendered":"https:\/\/www.messinaoggi.it\/website\/?p=43754"},"modified":"2020-05-21T07:00:18","modified_gmt":"2020-05-21T05:00:18","slug":"stagione-balneare-in-sicilia-start-il-6-giugno","status":"publish","type":"post","link":"https:\/\/www.messinaoggi.it\/website\/2020\/05\/21\/stagione-balneare-in-sicilia-start-il-6-giugno\/","title":{"rendered":"Stagione balneare in Sicilia, start il 6 giugno"},"content":{"rendered":"<p>La stagione balneare in Sicilia scatter\u00e0\u00a0 il 6 giugno, ma i lidi saranno aperti da subito per le attivit\u00e0 collaterali. S\u00ec dunque agli aperitivi al tramonto davanti al mare ed anche all\u2019attivit\u00e0 di ristorazione.<br \/>\nSi \u00e8 stabilito che dal 22 maggio potranno essere avviate le attivit\u00e0 di bar e ristorazione all\u2019interno degli stabilimenti balneari previa circolare del presidente della Regione.<br \/>\nLa decisione \u00e8 stata presa oggi pomeriggio alla fine di un vertice in videoconferenza tra l\u2019assessore al Territorio Salvatore Cordaro, il dirigente generale del Dipartimento Ambiente Giuseppe Battaglia, il presidente della IV Commissione Giusi Savarino e i responsabili delle associazioni datoriali dei balneari Salvo Basile di Assoturismo Confesercenti Sicilia, Alessandro Cilano di Fiba Confesercenti Sicilia, Ignazio Ragusa di Sib Confcommercio, Luca Maimone di Assobalneari Confindustria, Giampaolo Miceli e Guglielmo Pacchione di Cna Balneari Sicilia e Giovanni Cimino di Oasi \u2013 Confartigianato.<br \/>\n\u201cCon il governo regionale si \u00e8 arrivati ad un buon accordo\u201d, dicono i rappresentanti dei Balneari che plaudono anche alla firma, sempre oggi, del decreto attuativo con cui anche in Sicilia sar\u00e0 possibile il mantenimento delle concessioni demaniali fino al 2033 nel massimo della semplificazione burocratica.<br \/>\n\u201cSu questo punto abbiamo trovato massimo sostegno dalla Commissione parlamentare e dal Governo regionale \u2013 dicono ancora le associazioni di categoria \u2013 La procedura per ottenere la concessione avverr\u00e0 telematicamente e attraverso lo strumento dell\u2019autocertificazione\u201d.<br \/>\nPositivo anche il giudizio sulle misure necessarie alla riapertura dei lidi previste dall\u2019ordinanza regionale 21 del 17 maggio che snellisce e semplifica i parametri fissati dall\u2019Inail, consentendo ai lidi di poter ripartire.<div id=\"div-gpt-ad-Messinaoggi.it-DSK-300x250-corpoart\" style=\"text-align:center;margin:0 auto;\"><\/div><\/p>\n<div id=\"lasic-128925376\" class=\"lasic-dopo-il-contenuto\"><\/div>\n<div id=\"videoincontent\" style=\"clear:both\";><\/div>","protected":false},"excerpt":{"rendered":"<p>La stagione balneare in Sicilia scatter\u00e0\u00a0 il 6 giugno, ma i lidi saranno aperti da subito per le attivit\u00e0 collaterali. S\u00ec dunque agli aperitivi al tramonto davanti al mare ed anche all\u2019attivit\u00e0 di ristorazione. Si \u00e8 stabilito che dal 22 maggio potranno essere avviate le attivit\u00e0 di bar e ristorazione all\u2019interno degli stabilimenti balneari previa [&hellip;]<\/p>\n","protected":false},"author":4,"featured_media":35273,"comment_status":"closed","ping_status":"closed","sticky":false,"template":"","format":"standard","meta":{"ub_ctt_via":"","_mi_skip_tracking":false},"categories":[221],"tags":[],"featured_image_src":"https:\/\/www.messinaoggi.it\/website\/wp-content\/uploads\/2019\/07\/11C53CD2-C233-426B-A9E0-4F1E0BFC1083.jpeg","author_info":{"display_name":"redme","author_link":"https:\/\/www.messinaoggi.it\/website\/author\/redme\/"},"digistream_id":0,"digistream":false,"_links":{"self":[{"href":"https:\/\/www.messinaoggi.it\/website\/wp-json\/wp\/v2\/posts\/43754"}],"collection":[{"href":"https:\/\/www.messinaoggi.it\/website\/wp-json\/wp\/v2\/posts"}],"about":[{"href":"https:\/\/www.messinaoggi.it\/website\/wp-json\/wp\/v2\/types\/post"}],"author":[{"embeddable":true,"href":"https:\/\/www.messinaoggi.it\/website\/wp-json\/wp\/v2\/users\/4"}],"replies":[{"embeddable":true,"href":"https:\/\/www.messinaoggi.it\/website\/wp-json\/wp\/v2\/comments?post=43754"}],"version-history":[{"count":0,"href":"https:\/\/www.messinaoggi.it\/website\/wp-json\/wp\/v2\/posts\/43754\/revisions"}],"wp:featuredmedia":[{"embeddable":true,"href":"https:\/\/www.messinaoggi.it\/website\/wp-json\/wp\/v2\/media\/35273"}],"wp:attachment":[{"href":"https:\/\/www.messinaoggi.it\/website\/wp-json\/wp\/v2\/media?parent=43754"}],"wp:term":[{"taxonomy":"category","embeddable":true,"href":"https:\/\/www.messinaoggi.it\/website\/wp-json\/wp\/v2\/categories?post=43754"},{"taxonomy":"post_tag","embeddable":true,"href":"https:\/\/www.messinaoggi.it\/website\/wp-json\/wp\/v2\/tags?post=43754"}],"curies":[{"name":"wp","href":"https:\/\/api.w.org\/{rel}","templated":true}]}}