{"id":43721,"date":"2020-05-20T07:45:59","date_gmt":"2020-05-20T05:45:59","guid":{"rendered":"https:\/\/www.messinaoggi.it\/website\/?p=43721"},"modified":"2020-05-20T07:45:59","modified_gmt":"2020-05-20T05:45:59","slug":"limitazioni-viarie-in-via-don-blasco","status":"publish","type":"post","link":"https:\/\/www.messinaoggi.it\/website\/2020\/05\/20\/limitazioni-viarie-in-via-don-blasco\/","title":{"rendered":"Limitazioni viarie in via Don Blasco"},"content":{"rendered":"<p style=\"margin: 0px; font-family: Helvetica, Arial, sans-serif; color: #1c1e21; font-size: 14px; background-color: #ffffff;\">Limitazione viaria in via Don Blasco<div id=\"div-gpt-ad-Messinaoggi.it-DSK-300x250-corpoart\" style=\"text-align:center;margin:0 auto;\"><\/div><\/p>\n<p style=\"margin: 0px; display: inline; font-family: Helvetica, Arial, sans-serif; color: #1c1e21; font-size: 14px; background-color: #ffffff;\">Sino a venerd\u00ec 29 viger\u00e0 il divieto di sosta 0-24 in via Don Blasco, per una lunghezza di 20 metri.<div id=\"videoincontent\" style=\"clear:both\";><\/div><\/p>\n<p style=\"margin: 0px; display: inline; font-family: Helvetica, Arial, sans-serif; color: #1c1e21; font-size: 14px; background-color: #ffffff;\">Il provvedimento \u00e8 stato disposto per consentire l\u2019esecuzione di indagini geognostiche ai margini della struttura del ponte sul torrente Portalegni<\/p>\n","protected":false},"excerpt":{"rendered":"<p>Limitazione viaria in via Don Blasco Sino a venerd\u00ec 29 viger\u00e0 il divieto di sosta 0-24 in via Don Blasco, per una lunghezza di 20 metri. Il provvedimento \u00e8 stato disposto per consentire l\u2019esecuzione di indagini geognostiche ai margini della struttura del ponte sul torrente Portalegni<\/p>\n","protected":false},"author":4,"featured_media":14841,"comment_status":"closed","ping_status":"closed","sticky":false,"template":"","format":"standard","meta":{"ub_ctt_via":"","_mi_skip_tracking":false},"categories":[5],"tags":[],"featured_image_src":"https:\/\/www.messinaoggi.it\/website\/wp-content\/uploads\/2018\/01\/via-Don-Blasco-direzione-nord-sud-messinaoggiMarcyR-1.jpg","author_info":{"display_name":"redme","author_link":"https:\/\/www.messinaoggi.it\/website\/author\/redme\/"},"digistream_id":0,"digistream":false,"_links":{"self":[{"href":"https:\/\/www.messinaoggi.it\/website\/wp-json\/wp\/v2\/posts\/43721"}],"collection":[{"href":"https:\/\/www.messinaoggi.it\/website\/wp-json\/wp\/v2\/posts"}],"about":[{"href":"https:\/\/www.messinaoggi.it\/website\/wp-json\/wp\/v2\/types\/post"}],"author":[{"embeddable":true,"href":"https:\/\/www.messinaoggi.it\/website\/wp-json\/wp\/v2\/users\/4"}],"replies":[{"embeddable":true,"href":"https:\/\/www.messinaoggi.it\/website\/wp-json\/wp\/v2\/comments?post=43721"}],"version-history":[{"count":0,"href":"https:\/\/www.messinaoggi.it\/website\/wp-json\/wp\/v2\/posts\/43721\/revisions"}],"wp:featuredmedia":[{"embeddable":true,"href":"https:\/\/www.messinaoggi.it\/website\/wp-json\/wp\/v2\/media\/14841"}],"wp:attachment":[{"href":"https:\/\/www.messinaoggi.it\/website\/wp-json\/wp\/v2\/media?parent=43721"}],"wp:term":[{"taxonomy":"category","embeddable":true,"href":"https:\/\/www.messinaoggi.it\/website\/wp-json\/wp\/v2\/categories?post=43721"},{"taxonomy":"post_tag","embeddable":true,"href":"https:\/\/www.messinaoggi.it\/website\/wp-json\/wp\/v2\/tags?post=43721"}],"curies":[{"name":"wp","href":"https:\/\/api.w.org\/{rel}","templated":true}]}}