{"id":43702,"date":"2020-05-19T15:28:28","date_gmt":"2020-05-19T13:28:28","guid":{"rendered":"https:\/\/www.messinaoggi.it\/website\/?p=43702"},"modified":"2020-05-19T15:28:28","modified_gmt":"2020-05-19T13:28:28","slug":"germana-lascia-forza-italia-il-suo-commiato","status":"publish","type":"post","link":"https:\/\/www.messinaoggi.it\/website\/2020\/05\/19\/germana-lascia-forza-italia-il-suo-commiato\/","title":{"rendered":"German\u00e0 lascia Forza Italia, il suo commiato"},"content":{"rendered":"<p>Nino German\u00e0, deputato nazionale eletto con Forza Italia, come annunciato ieri dal nostri giornale, ha lasciato Forza Italia. Lo ha fatto con un commiato pubblicato su Fb.<br \/>\nLASCIO FORZA ITALIA ! Cari amici, come avrete letto, ho deciso di lasciare il gruppo di Forza Italia e di prendermi un periodo di riflessione iscrivendomi al gruppo misto.<br \/>\nVivo con grande sofferenza questo momento, tenuto conto che in Forza Italia ho mosso i primi passi e sono cresciuto, ma sono stato costretto a lasciare perch\u00e9 dal 4 marzo 2018, data della mia rielezione al parlamento nazionale, il partito in Sicilia ha volutamente e strategicamente ignorato il mio ruolo politico e quello di gran parte dei parlamentari nazionali.<br \/>\nNessuna riunione in questi due anni, n\u00e8 un programma per i territori condiviso con chi di questa isola \u00e8 rappresentante a livello nazionale. La convinzione del nostro coordinatore regionale Miccich\u00e8 \u00e8 che lui solo rappresenta i problemi dei siciliani, al massimo assieme a qualche suo fido scudiero, mentre i parlamentari nazionali non devono fargli perdere tempo occupandosi dei territori che li hanno eletti. Non mi pare la pensasse allo stesso modo quando era lui parlamentare nazionale.<br \/>\nTanto delirio di onnipotenza si \u00e8 sgretolato davanti all\u2019emergenza sanitaria che ha fatto capire quanto importante sia il ruolo del parlamento nazionale, e quanto grandi siano i doveri dei deputati nei confronti della propria gente. Per carattere e per indole non posso pensare di lasciar trascorrere i tre anni di legislatura che mancano senza poter incidere nelle decisioni politiche del mio partito, trasformandomi in un mero yesman.<br \/>\nHo tentato pi\u00f9 volte di convincere Miccich\u00e8 che dovevamo essere coinvolti tutti nel rilancio del partito, che di tutti c\u2019era bisogno anche in funzione di supporto all\u2019azione del governo Regionale.<br \/>\nPer tutta risposta a queste istanze politiche che nulla a avevano di personale, ho subito continui attacchi ed umiliazioni fino al punto che pochi giorni fa il coordinatore Miccich\u00e8, commentando l\u2019addio di Scoma, ha sottolineato che la mia permanenza in Forza Italia era del tutto irrilevante e indifferente.<br \/>\nCari amici, ho dovuto ricordare a Miccich\u00e8 che alle ultime regionali ho avuto il doppio delle sue preferenze e che il partito, non io, meritava una diversa considerazione.<br \/>\nOra comincia una fase nuova in cui potr\u00f2 orgogliosamente ricominciare ad occuparmi del territorio, della gente di Messina e dei Nebrodi e riallacciare le fila con i tanti amici che mi hanno sostenuto alle regionali e che da tempo mi sollecitano una pi\u00f9 decisa presa di posizione.<br \/>\nCredo che presto ritroveremo quell\u2019entusiasmo che ci ha visti raccogliere grandi consensi e riusciremo a rilanciare insieme le motivazioni che ci uniscono da sempre e che sono fatte di impegno, fiducia, presenza sul territorio e soprattutto di ascolto.<div id=\"div-gpt-ad-Messinaoggi.it-DSK-300x250-corpoart\" style=\"text-align:center;margin:0 auto;\"><\/div><\/p>\n<div id=\"videoincontent\" style=\"clear:both\";><\/div>","protected":false},"excerpt":{"rendered":"<p>Nino German\u00e0, deputato nazionale eletto con Forza Italia, come annunciato ieri dal nostri giornale, ha lasciato Forza Italia. Lo ha fatto con un commiato pubblicato su Fb. LASCIO FORZA ITALIA ! Cari amici, come avrete letto, ho deciso di lasciare il gruppo di Forza Italia e di prendermi un periodo di riflessione iscrivendomi al gruppo [&hellip;]<\/p>\n","protected":false},"author":2,"featured_media":43703,"comment_status":"closed","ping_status":"closed","sticky":false,"template":"","format":"standard","meta":{"ub_ctt_via":"","_mi_skip_tracking":false},"categories":[4],"tags":[],"featured_image_src":"https:\/\/www.messinaoggi.it\/website\/wp-content\/uploads\/2020\/05\/8DCCB4D1-C0E3-4BD9-B367-A2326BB6CA04.jpeg","author_info":{"display_name":"Redazione","author_link":"https:\/\/www.messinaoggi.it\/website\/author\/redazione\/"},"digistream_id":0,"digistream":false,"_links":{"self":[{"href":"https:\/\/www.messinaoggi.it\/website\/wp-json\/wp\/v2\/posts\/43702"}],"collection":[{"href":"https:\/\/www.messinaoggi.it\/website\/wp-json\/wp\/v2\/posts"}],"about":[{"href":"https:\/\/www.messinaoggi.it\/website\/wp-json\/wp\/v2\/types\/post"}],"author":[{"embeddable":true,"href":"https:\/\/www.messinaoggi.it\/website\/wp-json\/wp\/v2\/users\/2"}],"replies":[{"embeddable":true,"href":"https:\/\/www.messinaoggi.it\/website\/wp-json\/wp\/v2\/comments?post=43702"}],"version-history":[{"count":0,"href":"https:\/\/www.messinaoggi.it\/website\/wp-json\/wp\/v2\/posts\/43702\/revisions"}],"wp:featuredmedia":[{"embeddable":true,"href":"https:\/\/www.messinaoggi.it\/website\/wp-json\/wp\/v2\/media\/43703"}],"wp:attachment":[{"href":"https:\/\/www.messinaoggi.it\/website\/wp-json\/wp\/v2\/media?parent=43702"}],"wp:term":[{"taxonomy":"category","embeddable":true,"href":"https:\/\/www.messinaoggi.it\/website\/wp-json\/wp\/v2\/categories?post=43702"},{"taxonomy":"post_tag","embeddable":true,"href":"https:\/\/www.messinaoggi.it\/website\/wp-json\/wp\/v2\/tags?post=43702"}],"curies":[{"name":"wp","href":"https:\/\/api.w.org\/{rel}","templated":true}]}}