{"id":43661,"date":"2020-05-18T13:36:43","date_gmt":"2020-05-18T11:36:43","guid":{"rendered":"https:\/\/www.messinaoggi.it\/website\/?p=43661"},"modified":"2020-05-18T13:36:43","modified_gmt":"2020-05-18T11:36:43","slug":"altro-cambio-di-casacca-parisi-torna-in-forza-italia","status":"publish","type":"post","link":"https:\/\/www.messinaoggi.it\/website\/2020\/05\/18\/altro-cambio-di-casacca-parisi-torna-in-forza-italia\/","title":{"rendered":"Altro cambio di casacca, Parisi torna in Forza Italia"},"content":{"rendered":"<p align=\"justify\">Il consigliere Pierluigi Parisi ha annunciato su Fb il suo ritorno a Forza Italia.<div id=\"div-gpt-ad-Messinaoggi.it-DSK-300x250-corpoart\" style=\"text-align:center;margin:0 auto;\"><\/div><\/p>\n<p align=\"justify\">\u201cSiamo lieti di riaccogliere Pierluigi tra le fila del partito. Un percorso politico nato tra i giovani di Forza Italia nel lontano 1996 e continuato all\u2019interno del Popolo delle Libert\u00e0, non poteva essere essere cancellato con un colpo di spugna. Con il suo entusiasmo e la sua voglia di mettersi al servizio del territorio, sono certo che sapr\u00e0 confermare quanto di buono Forza Italia sta facendo in Sicilia, confermando la buona salute di cui gode\u201d. Lo afferma il Coordinatore regionale siciliano, on. Gianfranco Miccich\u00e9, che a nome di tutti gli azzurri da il bentornato a Pierluigi Parisi.<div id=\"videoincontent\" style=\"clear:both\";><\/div><\/p>\n<p align=\"justify\">Gli fa eco il Capogruppo di Forza Italia all\u2019Ars e coordinatore del partito nella provincia di Messina, on. Tommaso Calderone, per il quale: \u201cIl richiamo di valori specifici ha avuto il sopravvento. Per chi dal punto di vista politico privilegia una visione moderata, che cura il tessuto imprenditoriale, ambisce alla semplificazione amministrativa e pensa a creare occupazione, \u00e8 dura non trovare in Forza Italia la propria casa. La Finanziaria regionale che si \u00e8 appena conclusa ne \u00e8 la testimonianza. Sono consapevole che anche a Messina \u2013 e il ritorno di Parisi ne \u00e8 la prova \u2013 ci sono le condizioni per continuare il percorso di rinnovamento generazionale che gi\u00e0 da ora sta dando copiosi risultati\u201d.<\/p>\n","protected":false},"excerpt":{"rendered":"<p>Il consigliere Pierluigi Parisi ha annunciato su Fb il suo ritorno a Forza Italia. \u201cSiamo lieti di riaccogliere Pierluigi tra le fila del partito. Un percorso politico nato tra i giovani di Forza Italia nel lontano 1996 e continuato all\u2019interno del Popolo delle Libert\u00e0, non poteva essere essere cancellato con un colpo di spugna. Con [&hellip;]<\/p>\n","protected":false},"author":2,"featured_media":2840,"comment_status":"closed","ping_status":"closed","sticky":false,"template":"","format":"standard","meta":{"ub_ctt_via":"","_mi_skip_tracking":false},"categories":[4],"tags":[],"featured_image_src":"https:\/\/www.messinaoggi.it\/website\/wp-content\/uploads\/2017\/06\/forza-italia-bandiera-2.jpg","author_info":{"display_name":"Redazione","author_link":"https:\/\/www.messinaoggi.it\/website\/author\/redazione\/"},"digistream_id":0,"digistream":false,"_links":{"self":[{"href":"https:\/\/www.messinaoggi.it\/website\/wp-json\/wp\/v2\/posts\/43661"}],"collection":[{"href":"https:\/\/www.messinaoggi.it\/website\/wp-json\/wp\/v2\/posts"}],"about":[{"href":"https:\/\/www.messinaoggi.it\/website\/wp-json\/wp\/v2\/types\/post"}],"author":[{"embeddable":true,"href":"https:\/\/www.messinaoggi.it\/website\/wp-json\/wp\/v2\/users\/2"}],"replies":[{"embeddable":true,"href":"https:\/\/www.messinaoggi.it\/website\/wp-json\/wp\/v2\/comments?post=43661"}],"version-history":[{"count":0,"href":"https:\/\/www.messinaoggi.it\/website\/wp-json\/wp\/v2\/posts\/43661\/revisions"}],"wp:featuredmedia":[{"embeddable":true,"href":"https:\/\/www.messinaoggi.it\/website\/wp-json\/wp\/v2\/media\/2840"}],"wp:attachment":[{"href":"https:\/\/www.messinaoggi.it\/website\/wp-json\/wp\/v2\/media?parent=43661"}],"wp:term":[{"taxonomy":"category","embeddable":true,"href":"https:\/\/www.messinaoggi.it\/website\/wp-json\/wp\/v2\/categories?post=43661"},{"taxonomy":"post_tag","embeddable":true,"href":"https:\/\/www.messinaoggi.it\/website\/wp-json\/wp\/v2\/tags?post=43661"}],"curies":[{"name":"wp","href":"https:\/\/api.w.org\/{rel}","templated":true}]}}