{"id":43639,"date":"2020-05-17T16:21:47","date_gmt":"2020-05-17T14:21:47","guid":{"rendered":"https:\/\/www.messinaoggi.it\/website\/?p=43639"},"modified":"2020-05-17T16:21:47","modified_gmt":"2020-05-17T14:21:47","slug":"piu-traghetti-sicilia-piu-vicina-al-continente","status":"publish","type":"post","link":"https:\/\/www.messinaoggi.it\/website\/2020\/05\/17\/piu-traghetti-sicilia-piu-vicina-al-continente\/","title":{"rendered":"Pi\u00f9 traghetti da e per Villa, Sicilia pi\u00f9 vicina al Continente"},"content":{"rendered":"<p>Sono riaperti i collegamenti marittimi per il trasporto passeggeri con la Sicilia; l\u2019aviazione generale con Sicilia e Sardegna, pi\u00f9 treni a lunga percorrenza per adeguare l\u2019offerta ferroviaria alla maggiore domanda di trasporto.<br \/>\nLa ministra delle Infrastrutture e dei Trasporti Paola De Micheli ha firmato, di concerto con il ministero della Salute, il Decreto che aggiorna le misure di limitazione alla mobilit\u00e0 delle persone per il contrasto della diffusione dell\u2019epidemia da Covid19.<br \/>\nIl provvedimento del Mit \u2013 \u00e8 scritto in una nota dello stesso ministero \u2013 risponde anche alla richiesta avanzata dalla Regione Sicilia per la riattivazione delle linee di collegamento marittimo con l\u2019isola, per consentire lo spostamento del personale delle forze dell\u2019ordine e delle forze armate, del personale sanitario e sociosanitario nonch\u00e9 dei passeggeri per esigenze di lavoro, motivi di salute e assoluta urgenza o per il rientro nella propria abitazione, domicilio o residenza.<br \/>\nPertanto i collegamenti via mare per i passeggeri da Messina per Villa San Giovanni e Reggio Calabria e viceversa saranno assicurati mediante dieci corse giornaliere A\/R, nella fascia oraria dalle 06.00 alle 21.00. Il traffico merci dalla Calabria alla Sicilia e viceversa \u00e8 effettuato esclusivamente sull\u2019approdo di Messina-Tremestieri.<br \/>\nDa tale approdo \u00e8 altres\u00ec autorizzato il transito degli operatori sanitari pubblici e privati, a bordo delle unit\u00e0 navali che operano il trasporto merci, su mezzi privati e nel rispetto delle certificazioni e delle condizioni di sicurezza delle unit\u00e0 stesse.<br \/>\nPer quanto riguarda il trasporto aereo i collegamenti di aviazione generale con le due isole maggiori viene ora consentito senza la previa autorizzazione dei Presidenti di Regione.<br \/>\nViene rimodulata l\u2019offerta di servizi ferroviari su tutto il territorio nazionale per adeguarla alle nuove esigenze di trasporto passeggeri, sia per le attivit\u00e0 a mercato che per quelle svolte in base a contratti di servizio per la lunga percorrenza stipulati da Trenitalia S.p.A. con il Ministero delle Infrastrutture e dei Trasporti.<br \/>\nNessuna limitazione \u00e8 prevista per il servizio di trasporto merci e per i servizi a carattere emergenziale. Rimangono invariate tutte le altre misure di restrizione della mobilit\u00e0 dei passeggeri con gli altri vettori.<div id=\"div-gpt-ad-Messinaoggi.it-DSK-300x250-corpoart\" style=\"text-align:center;margin:0 auto;\"><\/div><\/p>\n<div id=\"lasic-104356649\" class=\"lasic-dopo-il-contenuto\"><\/div>\n<div id=\"videoincontent\" style=\"clear:both\";><\/div>","protected":false},"excerpt":{"rendered":"<p>Sono riaperti i collegamenti marittimi per il trasporto passeggeri con la Sicilia; l\u2019aviazione generale con Sicilia e Sardegna, pi\u00f9 treni a lunga percorrenza per adeguare l\u2019offerta ferroviaria alla maggiore domanda di trasporto. La ministra delle Infrastrutture e dei Trasporti Paola De Micheli ha firmato, di concerto con il ministero della Salute, il Decreto che aggiorna [&hellip;]<\/p>\n","protected":false},"author":4,"featured_media":41418,"comment_status":"closed","ping_status":"closed","sticky":false,"template":"","format":"standard","meta":{"ub_ctt_via":"","_mi_skip_tracking":false},"categories":[221],"tags":[],"featured_image_src":"https:\/\/www.messinaoggi.it\/website\/wp-content\/uploads\/2020\/03\/A530D710-9F8D-4304-9B32-57C0EBF8EC10.jpeg","author_info":{"display_name":"redme","author_link":"https:\/\/www.messinaoggi.it\/website\/author\/redme\/"},"digistream_id":0,"digistream":false,"_links":{"self":[{"href":"https:\/\/www.messinaoggi.it\/website\/wp-json\/wp\/v2\/posts\/43639"}],"collection":[{"href":"https:\/\/www.messinaoggi.it\/website\/wp-json\/wp\/v2\/posts"}],"about":[{"href":"https:\/\/www.messinaoggi.it\/website\/wp-json\/wp\/v2\/types\/post"}],"author":[{"embeddable":true,"href":"https:\/\/www.messinaoggi.it\/website\/wp-json\/wp\/v2\/users\/4"}],"replies":[{"embeddable":true,"href":"https:\/\/www.messinaoggi.it\/website\/wp-json\/wp\/v2\/comments?post=43639"}],"version-history":[{"count":0,"href":"https:\/\/www.messinaoggi.it\/website\/wp-json\/wp\/v2\/posts\/43639\/revisions"}],"wp:featuredmedia":[{"embeddable":true,"href":"https:\/\/www.messinaoggi.it\/website\/wp-json\/wp\/v2\/media\/41418"}],"wp:attachment":[{"href":"https:\/\/www.messinaoggi.it\/website\/wp-json\/wp\/v2\/media?parent=43639"}],"wp:term":[{"taxonomy":"category","embeddable":true,"href":"https:\/\/www.messinaoggi.it\/website\/wp-json\/wp\/v2\/categories?post=43639"},{"taxonomy":"post_tag","embeddable":true,"href":"https:\/\/www.messinaoggi.it\/website\/wp-json\/wp\/v2\/tags?post=43639"}],"curies":[{"name":"wp","href":"https:\/\/api.w.org\/{rel}","templated":true}]}}