{"id":43626,"date":"2020-05-17T18:19:17","date_gmt":"2020-05-17T16:19:17","guid":{"rendered":"https:\/\/www.messinaoggi.it\/website\/?p=43626"},"modified":"2020-05-17T18:19:17","modified_gmt":"2020-05-17T16:19:17","slug":"musumeci-ha-deciso-la-cultura-siciliana-al-leghista-samona","status":"publish","type":"post","link":"https:\/\/www.messinaoggi.it\/website\/2020\/05\/17\/musumeci-ha-deciso-la-cultura-siciliana-al-leghista-samona\/","title":{"rendered":"Musumeci ha deciso, la Cultura siciliana al leghista Samon\u00e0"},"content":{"rendered":"<p>Il presidente della Regione, Nello Musumeci, ha assegnato la delega di assessore regionale ai Beni culturali e della Identit\u00e0 siciliana ad Alberto Samon\u00e0, responsabile del settore cultura della Lega.<br \/>\nPalermitano di 48 anni \u00e8 giornalista professionista e scrittore. Appartiene a una famiglia di architetti e studiosi della tradizione popolare siciliana. Lo stesso neo assessore ha scritto e pubblicato numerosi saggi ed \u00e8 consigliere d\u2019amministrazione della Fondazione Piccolo di Calanovella.<br \/>\n\u201cDopo l\u2019irripetibile stagione dei tecnici \u2013 dice il Musumeci \u2013 Samon\u00e0 \u00e8 la giusta sintesi della militanza politica e della competenza professionale. Lo conosco da anni e sono certo che sapr\u00e0 svolgere con passione il ruolo che, di intesa con il suo partito, ho voluto affidargli\u201d.<div id=\"div-gpt-ad-Messinaoggi.it-DSK-300x250-corpoart\" style=\"text-align:center;margin:0 auto;\"><\/div><\/p>\n<div id=\"videoincontent\" style=\"clear:both\";><\/div>","protected":false},"excerpt":{"rendered":"<p>Il presidente della Regione, Nello Musumeci, ha assegnato la delega di assessore regionale ai Beni culturali e della Identit\u00e0 siciliana ad Alberto Samon\u00e0, responsabile del settore cultura della Lega. Palermitano di 48 anni \u00e8 giornalista professionista e scrittore. Appartiene a una famiglia di architetti e studiosi della tradizione popolare siciliana. Lo stesso neo assessore ha [&hellip;]<\/p>\n","protected":false},"author":4,"featured_media":43628,"comment_status":"closed","ping_status":"closed","sticky":false,"template":"","format":"standard","meta":{"ub_ctt_via":"","_mi_skip_tracking":false},"categories":[11],"tags":[],"featured_image_src":"https:\/\/www.messinaoggi.it\/website\/wp-content\/uploads\/2020\/05\/samona.jpg","author_info":{"display_name":"redme","author_link":"https:\/\/www.messinaoggi.it\/website\/author\/redme\/"},"digistream_id":0,"digistream":false,"_links":{"self":[{"href":"https:\/\/www.messinaoggi.it\/website\/wp-json\/wp\/v2\/posts\/43626"}],"collection":[{"href":"https:\/\/www.messinaoggi.it\/website\/wp-json\/wp\/v2\/posts"}],"about":[{"href":"https:\/\/www.messinaoggi.it\/website\/wp-json\/wp\/v2\/types\/post"}],"author":[{"embeddable":true,"href":"https:\/\/www.messinaoggi.it\/website\/wp-json\/wp\/v2\/users\/4"}],"replies":[{"embeddable":true,"href":"https:\/\/www.messinaoggi.it\/website\/wp-json\/wp\/v2\/comments?post=43626"}],"version-history":[{"count":0,"href":"https:\/\/www.messinaoggi.it\/website\/wp-json\/wp\/v2\/posts\/43626\/revisions"}],"wp:featuredmedia":[{"embeddable":true,"href":"https:\/\/www.messinaoggi.it\/website\/wp-json\/wp\/v2\/media\/43628"}],"wp:attachment":[{"href":"https:\/\/www.messinaoggi.it\/website\/wp-json\/wp\/v2\/media?parent=43626"}],"wp:term":[{"taxonomy":"category","embeddable":true,"href":"https:\/\/www.messinaoggi.it\/website\/wp-json\/wp\/v2\/categories?post=43626"},{"taxonomy":"post_tag","embeddable":true,"href":"https:\/\/www.messinaoggi.it\/website\/wp-json\/wp\/v2\/tags?post=43626"}],"curies":[{"name":"wp","href":"https:\/\/api.w.org\/{rel}","templated":true}]}}