{"id":43618,"date":"2020-05-17T10:50:46","date_gmt":"2020-05-17T08:50:46","guid":{"rendered":"https:\/\/www.messinaoggi.it\/website\/?p=43618"},"modified":"2020-05-17T10:50:46","modified_gmt":"2020-05-17T08:50:46","slug":"lavori-enel-a-torrerossa-problemi-idrici-in-citta","status":"publish","type":"post","link":"https:\/\/www.messinaoggi.it\/website\/2020\/05\/17\/lavori-enel-a-torrerossa-problemi-idrici-in-citta\/","title":{"rendered":"Lavori Enel a Torrerossa, problemi idrici in citt\u00e0"},"content":{"rendered":"<div>Problemi idrici in vista per domani e marted\u00ec, lo comunica Amam.<\/div>\n<div><span style=\"color: #000000;\">&#8220;A causa di lavori programmati da Enel Distribuzione il flusso d&#8217;acqua che, dalla centrale Torrerossa dell&#8217;Acquedotto di Fiumefreddo, attraverso la condotta adduttrice, giunge alla rete idrica di Messina potrebbe fermarsi per alcune ore, sicch\u00e9 le fasce orarie di erogazione potrebbero subire variazioni nelle giornate di luned\u00ec 18 e marted\u00ec 19 maggio prossimi, specialmente nelle zone del centro e a nord della citt\u00e0 dello Stretto. Ci scusiamo per il disagio&#8221;.<\/span><\/div>\n<div id=\"div-gpt-ad-Messinaoggi.it-DSK-300x250-corpoart\" style=\"text-align:center;margin:0 auto;\"><\/div><\/p><div id=\"videoincontent\" style=\"clear:both\";><\/div>","protected":false},"excerpt":{"rendered":"<p>Problemi idrici in vista per domani e marted\u00ec, lo comunica Amam. &#8220;A causa di lavori programmati da Enel Distribuzione il flusso d&#8217;acqua che, dalla centrale Torrerossa dell&#8217;Acquedotto di Fiumefreddo, attraverso la condotta adduttrice, giunge alla rete idrica di Messina potrebbe fermarsi per alcune ore, sicch\u00e9 le fasce orarie di erogazione potrebbero subire variazioni nelle giornate [&hellip;]<\/p>\n","protected":false},"author":4,"featured_media":1679,"comment_status":"closed","ping_status":"closed","sticky":false,"template":"","format":"standard","meta":{"ub_ctt_via":"","_mi_skip_tracking":false},"categories":[5],"tags":[],"featured_image_src":"https:\/\/www.messinaoggi.it\/website\/wp-content\/uploads\/2017\/06\/Amam-sede-2.jpg","author_info":{"display_name":"redme","author_link":"https:\/\/www.messinaoggi.it\/website\/author\/redme\/"},"digistream_id":0,"digistream":false,"_links":{"self":[{"href":"https:\/\/www.messinaoggi.it\/website\/wp-json\/wp\/v2\/posts\/43618"}],"collection":[{"href":"https:\/\/www.messinaoggi.it\/website\/wp-json\/wp\/v2\/posts"}],"about":[{"href":"https:\/\/www.messinaoggi.it\/website\/wp-json\/wp\/v2\/types\/post"}],"author":[{"embeddable":true,"href":"https:\/\/www.messinaoggi.it\/website\/wp-json\/wp\/v2\/users\/4"}],"replies":[{"embeddable":true,"href":"https:\/\/www.messinaoggi.it\/website\/wp-json\/wp\/v2\/comments?post=43618"}],"version-history":[{"count":0,"href":"https:\/\/www.messinaoggi.it\/website\/wp-json\/wp\/v2\/posts\/43618\/revisions"}],"wp:featuredmedia":[{"embeddable":true,"href":"https:\/\/www.messinaoggi.it\/website\/wp-json\/wp\/v2\/media\/1679"}],"wp:attachment":[{"href":"https:\/\/www.messinaoggi.it\/website\/wp-json\/wp\/v2\/media?parent=43618"}],"wp:term":[{"taxonomy":"category","embeddable":true,"href":"https:\/\/www.messinaoggi.it\/website\/wp-json\/wp\/v2\/categories?post=43618"},{"taxonomy":"post_tag","embeddable":true,"href":"https:\/\/www.messinaoggi.it\/website\/wp-json\/wp\/v2\/tags?post=43618"}],"curies":[{"name":"wp","href":"https:\/\/api.w.org\/{rel}","templated":true}]}}