{"id":43616,"date":"2020-05-17T10:29:49","date_gmt":"2020-05-17T08:29:49","guid":{"rendered":"https:\/\/www.messinaoggi.it\/website\/?p=43616"},"modified":"2020-05-17T10:29:49","modified_gmt":"2020-05-17T08:29:49","slug":"musumeci-ai-cittadini-serve-responsabilita","status":"publish","type":"post","link":"https:\/\/www.messinaoggi.it\/website\/2020\/05\/17\/musumeci-ai-cittadini-serve-responsabilita\/","title":{"rendered":"Musumeci ai cittadini: &quot;Serve responsabilit\u00e0&quot;"},"content":{"rendered":"<div class=\"simplesocialbuttons simplesocial-simple-icons simplesocialbuttons_inline simplesocialbuttons-align-left post-66226 post simplesocialbuttons-inline-no-animation\">Le Regioni sollecitano le linee guida al Governo per indicare le modalit\u00e0 di riapertura a tutte le attivit\u00e0 che ripartiranno da domani mattina. Ma ancora nessun segnale.<\/div>\n<p>\u201cCon tutti i presidenti di Regione italiani siamo tornati a riunirci adesso, a tarda notte, con il presidente del Consiglio Conte. Rivendichiamo il diritto di fare ripartire le attivit\u00e0 economiche e iniziare il graduale ritorno alla normalit\u00e0. Serve responsabilit\u00e0. E chiediamo al Governo centrale di recepire le nostre linee guida adottate da tutte le Regioni italiane. La mia ordinanza \u00e8 gi\u00e0 predisposta. Nessuno vuole fare strappi, ma la gente inizia a non capire\u201d commenta su Facebook il presidente della Regione siciliana Nello Musumeci.<br \/>\nIl ministro per gli Affari regionali e le Autonomie, Francesco Boccia, al termine della riunione di stanotte con il premier Giuseppe Conte e i governatori sul Dpcm lascia intendere che \u00e8 solo questione di ore.<br \/>\n\u201cNel corso della riunione di questa notte abbiamo svolto un lavoro intenso e molto utile per far ripartire il Paese in sicurezza. L\u2019accordo, che riprende le linee guida delle Regioni per le ordinanze, sancisce ancora una volta la leale collaborazione tra regioni e governo. Ringrazio i presidenti per aver sempre ricercato una soluzione nell\u2019interesse del Paese.<br \/>\nCi stiamo muovendo su un terreno nuovo e, spesso, serve da parte di tutti un\u2019assunzione ulteriore di responsabilit\u00e0\u201d.<div id=\"div-gpt-ad-Messinaoggi.it-DSK-300x250-corpoart\" style=\"text-align:center;margin:0 auto;\"><\/div><\/p>\n<div id=\"videoincontent\" style=\"clear:both\";><\/div>","protected":false},"excerpt":{"rendered":"<p>Le Regioni sollecitano le linee guida al Governo per indicare le modalit\u00e0 di riapertura a tutte le attivit\u00e0 che ripartiranno da domani mattina. Ma ancora nessun segnale. \u201cCon tutti i presidenti di Regione italiani siamo tornati a riunirci adesso, a tarda notte, con il presidente del Consiglio Conte. Rivendichiamo il diritto di fare ripartire le [&hellip;]<\/p>\n","protected":false},"author":4,"featured_media":43180,"comment_status":"closed","ping_status":"closed","sticky":false,"template":"","format":"standard","meta":{"ub_ctt_via":"","_mi_skip_tracking":false},"categories":[11],"tags":[],"featured_image_src":"https:\/\/www.messinaoggi.it\/website\/wp-content\/uploads\/2020\/05\/musumeci.jpg","author_info":{"display_name":"redme","author_link":"https:\/\/www.messinaoggi.it\/website\/author\/redme\/"},"digistream_id":0,"digistream":false,"_links":{"self":[{"href":"https:\/\/www.messinaoggi.it\/website\/wp-json\/wp\/v2\/posts\/43616"}],"collection":[{"href":"https:\/\/www.messinaoggi.it\/website\/wp-json\/wp\/v2\/posts"}],"about":[{"href":"https:\/\/www.messinaoggi.it\/website\/wp-json\/wp\/v2\/types\/post"}],"author":[{"embeddable":true,"href":"https:\/\/www.messinaoggi.it\/website\/wp-json\/wp\/v2\/users\/4"}],"replies":[{"embeddable":true,"href":"https:\/\/www.messinaoggi.it\/website\/wp-json\/wp\/v2\/comments?post=43616"}],"version-history":[{"count":0,"href":"https:\/\/www.messinaoggi.it\/website\/wp-json\/wp\/v2\/posts\/43616\/revisions"}],"wp:featuredmedia":[{"embeddable":true,"href":"https:\/\/www.messinaoggi.it\/website\/wp-json\/wp\/v2\/media\/43180"}],"wp:attachment":[{"href":"https:\/\/www.messinaoggi.it\/website\/wp-json\/wp\/v2\/media?parent=43616"}],"wp:term":[{"taxonomy":"category","embeddable":true,"href":"https:\/\/www.messinaoggi.it\/website\/wp-json\/wp\/v2\/categories?post=43616"},{"taxonomy":"post_tag","embeddable":true,"href":"https:\/\/www.messinaoggi.it\/website\/wp-json\/wp\/v2\/tags?post=43616"}],"curies":[{"name":"wp","href":"https:\/\/api.w.org\/{rel}","templated":true}]}}