{"id":43555,"date":"2020-05-15T15:16:57","date_gmt":"2020-05-15T13:16:57","guid":{"rendered":"https:\/\/www.messinaoggi.it\/website\/?p=43555"},"modified":"2020-05-15T15:16:57","modified_gmt":"2020-05-15T13:16:57","slug":"concerti-il-tar-da-ragione-al-comune-ma-e-la-vittoria-di-pirro","status":"publish","type":"post","link":"https:\/\/www.messinaoggi.it\/website\/2020\/05\/15\/concerti-il-tar-da-ragione-al-comune-ma-e-la-vittoria-di-pirro\/","title":{"rendered":"Concerti: il Tar d\u00e0 ragione al Comune, ma \u00e8 la vittoria di Pirro"},"content":{"rendered":"<p style=\"text-align: justify;\">Il Tribunale amministrativo di Catania ha dato ragione al Comune di Messina, costretto a difendersi per la \u201cbrutta storia\u201d del concerto di Tiziano Ferro a Messina. L\u2019evento, in programma questa estate, \u00e8 saltato per l\u2019emergenza sanitaria da Covid-19, e nelle intenzioni degli organizzatori c\u2019era la volont\u00e0 di spostarlo all\u2019estate 2021. Ma Palazzo Zanca ha esposto semaforo rosso e com\u2019\u00e8 noto \u00e8 sorta un\u2019aspra polemica che ha messo sulla graticola l\u2019assessore al \u201cnulla\u201d, al secolo Pippo Scattareggia che ha delega agli spettacoli.<div id=\"div-gpt-ad-Messinaoggi.it-DSK-300x250-corpoart\" style=\"text-align:center;margin:0 auto;\"><\/div><\/p>\n<p style=\"text-align: justify;\">La motivazione del \u201c<em>niet<\/em>\u201d da ricercare nel bando di gestione trentennale dello stadio, annunciato da pi\u00f9 di un anno e che, secondo l\u2019ennesimo annuncio, dovrebbe vedere la luce a breve scadenza. Comunque sempre di annuncio stiamo parlando. La societ\u00e0 \u201c<strong>Musica da Bere<\/strong>\u201d, organizzatrice dell\u2019evento ha adito le vie legali proponendo un ricorso al Tar molto \u201craffazzonato\u201d, al punto che i giudici amministrativi hanno dato ragione a Palazzo Zanca.<div id=\"videoincontent\" style=\"clear:both\";><\/div><\/p>\n<p style=\"text-align: justify;\">La partita legale non deve considerarsi conclusa, tant\u2019\u00e8 che da Catania, dove ha sede legale la societ\u00e0 annunciano altre azioni giudiziarie. Il \u201csuccesso\u201d al Tar, reso noto ieri dal Comune attraverso un comunicato stampa, rappresenta la classica vittoria di Pirro, perch\u00e9 a perderci sar\u00e0 la citt\u00e0 di Messina.<\/p>\n<p style=\"text-align: justify;\">L\u2019accoppiata ditta di assessori comunali <strong>Pippo Scattareggia<\/strong> e <strong>Dafne Musolino<\/strong>, con la faccia di tolla che si ritrovano (nessuno dei due brilla per simpatia), hanno avuto il<em> barbaro coraggio<\/em> di affidare alla stampa una dichiarazione congiunta nella quale esprimono il proprio compiacimento per l\u2019esito della lite. Come se avessero conseguito un invidiabile successo politico al cospetto di una \u201cbanda di malfattori\u201d che volevano portare Tiziano Ferro a Messina. Roba da non credere ai proprio occhi o, se volete, alle proprie orecchie. <strong>Pippo Scatterggia-Corrao<\/strong> (<em>si dice che il vero assessore sia la compagna<\/em>), e<strong> Dafne Musolino<\/strong> alzano i calici per brindare mentre il sindaco <strong>Cateno De Luca<\/strong> dal suo <em>buen retiro<\/em> di Fiumedinisi, sta ricaricando le batterie per affrontare la parte pi\u00f9 difficile dell\u2019emergenza Coronavirus: ovvero quella delle risposte, dopo gli annunci a reti unificate.<\/p>\n<p style=\"text-align: justify;\">Ma torniamo al concerto di<strong> Tiziano Ferro<\/strong>. Non bisogna avere le scuole per comprendere che l\u2019annullamento dell\u2019evento rappresenti in termini economici e di immagine un danno impareggiabile per la citt\u00e0 di Messina. Cosa festeggiano quindi <strong>Scattareggia<\/strong> e <strong>Musolino<\/strong>? Per comprendere come funzioni la comunicazione del un concerto di una star basta ricercare su Google date del concerto di Tiziano Ferro, e ancora oggi risulta Messina.<\/p>\n<p style=\"text-align: justify;\">A ci\u00f2 si aggiunga la grande comunicazione correlata, che ne fa della citt\u00e0 dello Stretto una delle tappe italiane di un evento di portata nazionale.<\/p>\n<p style=\"text-align: justify;\">Al danno d\u2019immagine si aggiunge quello economico: una stima rozza, dice che la citt\u00e0 che ospita un concerto riceve risorse per uno-due milioni di euro. E vi sembrano poco per una citt\u00e0 resa ancora pi\u00f9 depressa dalla crisi generata dal Coronavirus? <strong>Scattareggia<\/strong> e <strong>Musolino<\/strong> questo lo sanno o fanno finta di non sapere e quindi si <em>avvalgono della facolt\u00e0 di non avere compreso il fatto<\/em>?<\/p>\n<p style=\"text-align: justify;\">Ma da un assessore agli Spettacoli come Scattareggia che nel suo invidiabile curriculum politico-amministrativo annovera come successo la \u201c<strong>sfilata dei ciaramiddari<\/strong>\u201d (con tutto rispetto per questi artisti), cosa ci saremmo dovuti aspettare?<\/p>\n<p style=\"text-align: justify;\">Andiamo all\u2019aspetto politico. A Palazzo Zanca, fatta eccezione per qualche strillino proveniente dal Pd, il resto della compagnia consiliare \u00e8 rimasto in silenzio, vittima di una sorta di <strong>mutismo politico selettivo<\/strong>. Se non ci sono in ballo poltroncine da assegnare nei <strong>Cda delle partecipate<\/strong>, i consiglieri non si prendono la questione con il sindaco<strong> Cateno De Luca<\/strong>.<\/p>\n<p style=\"text-align: justify;\">La vera colpa della politica di chi amministra questa citt\u00e0, risiede nella incapacit\u00e0 di trovare una soluzione che possa conciliare lo svolgimento del concerto di<strong> Tiziano Ferro<\/strong> e il bando di affidamento dello stadio San Filippo ai privati.<\/p>\n<p style=\"text-align: justify;\">Da un democristiano qual \u00e8 <strong>Cateno De Luca<\/strong> siamo certi che una soluzione la trover\u00e0, altrimenti Messina \u00e8 condannata a perdere la faccia, mentre lui a perdere consensi. A proposito, a rischio anche il concerto di<strong> Ultimo<\/strong>. Ammesso che <strong>Scattareggia<\/strong> e <strong>Musolino<\/strong> sappiano di cosa stiamo parlando.<\/p>\n<p style=\"text-align: right;\"><strong>Davide Gambale<\/strong><\/p>\n","protected":false},"excerpt":{"rendered":"<p>Il Tribunale amministrativo di Catania ha dato ragione al Comune di Messina, costretto a difendersi per la \u201cbrutta storia\u201d del concerto di Tiziano Ferro a Messina. L\u2019evento, in programma questa estate, \u00e8 saltato per l\u2019emergenza sanitaria da Covid-19, e nelle intenzioni degli organizzatori c\u2019era la volont\u00e0 di spostarlo all\u2019estate 2021. Ma Palazzo Zanca ha esposto [&hellip;]<\/p>\n","protected":false},"author":2,"featured_media":516,"comment_status":"closed","ping_status":"closed","sticky":false,"template":"","format":"standard","meta":{"ub_ctt_via":"","_mi_skip_tracking":false},"categories":[6,17],"tags":[],"featured_image_src":"https:\/\/www.messinaoggi.it\/website\/wp-content\/uploads\/2017\/05\/Tiziano-Ferro-2.jpeg","author_info":{"display_name":"Redazione","author_link":"https:\/\/www.messinaoggi.it\/website\/author\/redazione\/"},"digistream_id":0,"digistream":false,"_links":{"self":[{"href":"https:\/\/www.messinaoggi.it\/website\/wp-json\/wp\/v2\/posts\/43555"}],"collection":[{"href":"https:\/\/www.messinaoggi.it\/website\/wp-json\/wp\/v2\/posts"}],"about":[{"href":"https:\/\/www.messinaoggi.it\/website\/wp-json\/wp\/v2\/types\/post"}],"author":[{"embeddable":true,"href":"https:\/\/www.messinaoggi.it\/website\/wp-json\/wp\/v2\/users\/2"}],"replies":[{"embeddable":true,"href":"https:\/\/www.messinaoggi.it\/website\/wp-json\/wp\/v2\/comments?post=43555"}],"version-history":[{"count":0,"href":"https:\/\/www.messinaoggi.it\/website\/wp-json\/wp\/v2\/posts\/43555\/revisions"}],"wp:featuredmedia":[{"embeddable":true,"href":"https:\/\/www.messinaoggi.it\/website\/wp-json\/wp\/v2\/media\/516"}],"wp:attachment":[{"href":"https:\/\/www.messinaoggi.it\/website\/wp-json\/wp\/v2\/media?parent=43555"}],"wp:term":[{"taxonomy":"category","embeddable":true,"href":"https:\/\/www.messinaoggi.it\/website\/wp-json\/wp\/v2\/categories?post=43555"},{"taxonomy":"post_tag","embeddable":true,"href":"https:\/\/www.messinaoggi.it\/website\/wp-json\/wp\/v2\/tags?post=43555"}],"curies":[{"name":"wp","href":"https:\/\/api.w.org\/{rel}","templated":true}]}}