{"id":43551,"date":"2020-05-15T11:04:58","date_gmt":"2020-05-15T09:04:58","guid":{"rendered":"https:\/\/www.messinaoggi.it\/website\/?p=43551"},"modified":"2020-05-15T11:04:58","modified_gmt":"2020-05-15T09:04:58","slug":"policlinico-ambulatori-di-neurologia-passeranno-al-pad-e-fgu-locali-inadeguati","status":"publish","type":"post","link":"https:\/\/www.messinaoggi.it\/website\/2020\/05\/15\/policlinico-ambulatori-di-neurologia-passeranno-al-pad-e-fgu-locali-inadeguati\/","title":{"rendered":"Policlinico, ambulatori di Neurologia passeranno al pad. E. Fgu: &quot;Locali inadeguati&quot;"},"content":{"rendered":"<p>Il coordinatore di Fgu Messina Paolo Todaro chiede la sospensione del trasferimento degli ambulatori della UOC di Neurologia e malattie neuromuscolari del Policlinico di Messina, che dovrebbe avvenire entro la fine del mese di maggio. Stando a quanto dichiarato dal sindacalista, la nuova sede non \u00e8 idonea ad ospitare un&#8217;unit\u00e0 operativa cos\u00ec importante per il Policlinico quale quella di Neurologia.<br \/>\n\u201cSiamo venuti a conoscenza che gli ambulatori della UOC di Neurologia, collocati al padiglione W, entro la fine del mese di maggio verranno trasferiti tra i piani 1\u00b0 e 2\u00b0 del padiglione E. L\u2019accesso ai nuovi locali \u00e8 consentito esclusivamente attraverso una rampa di scale tra il primo e il secondo piano del padiglione E. Tra l\u2019altro i nuovi locali sono privi di ascensore, vie di fuga, servizi igienici e idonea aerazione; e non potrebbero certamente ospitare tutti gli ambulatori per le ridotte dimensioni ed in considerazione dell\u2019emergenza covid-19 non potrebbero garantire le misure di distanziamento.<br \/>\n\u201cTali locali, vetusti e con evidenti infiltrazioni d\u2019acqua, sono utilizzati come archivio di cartelle cliniche delle unit\u00e0 operative e attrezzi per i trattamenti di riabilitazione; ed in atto ci sono in corso lavori di ristrutturazione per la sostituzione del controsoffitto. Appare evidente quindi, l\u2019inidoneit\u00e0 dei suddetti locali e l\u2019impossibilit\u00e0 della rimozione delle barriere architettoniche con evidenti disagi per i pazienti.<br \/>\n\u201cChiediamo dunque di sospendere il trasferimento degli ambulatori di Neurologia, in considerazione dell\u2019evidente diminuzione della necessit\u00e0 di posti letto per pazienti affetti da covid-19 e la predisposizione di un piano organizzativo condiviso, per la riorganizzazione di tutte le attivit\u00e0 di ricovero e ambulatoriali\u201d.<div id=\"div-gpt-ad-Messinaoggi.it-DSK-300x250-corpoart\" style=\"text-align:center;margin:0 auto;\"><\/div><\/p>\n<div id=\"videoincontent\" style=\"clear:both\";><\/div>","protected":false},"excerpt":{"rendered":"<p>Il coordinatore di Fgu Messina Paolo Todaro chiede la sospensione del trasferimento degli ambulatori della UOC di Neurologia e malattie neuromuscolari del Policlinico di Messina, che dovrebbe avvenire entro la fine del mese di maggio. Stando a quanto dichiarato dal sindacalista, la nuova sede non \u00e8 idonea ad ospitare un&#8217;unit\u00e0 operativa cos\u00ec importante per il [&hellip;]<\/p>\n","protected":false},"author":8,"featured_media":42542,"comment_status":"closed","ping_status":"closed","sticky":false,"template":"","format":"standard","meta":{"ub_ctt_via":"","_mi_skip_tracking":false},"categories":[5],"tags":[],"featured_image_src":"https:\/\/www.messinaoggi.it\/website\/wp-content\/uploads\/2020\/04\/Policlinico-di-Messina.jpg","author_info":{"display_name":"red..me","author_link":"https:\/\/www.messinaoggi.it\/website\/author\/redstage\/"},"digistream_id":0,"digistream":false,"_links":{"self":[{"href":"https:\/\/www.messinaoggi.it\/website\/wp-json\/wp\/v2\/posts\/43551"}],"collection":[{"href":"https:\/\/www.messinaoggi.it\/website\/wp-json\/wp\/v2\/posts"}],"about":[{"href":"https:\/\/www.messinaoggi.it\/website\/wp-json\/wp\/v2\/types\/post"}],"author":[{"embeddable":true,"href":"https:\/\/www.messinaoggi.it\/website\/wp-json\/wp\/v2\/users\/8"}],"replies":[{"embeddable":true,"href":"https:\/\/www.messinaoggi.it\/website\/wp-json\/wp\/v2\/comments?post=43551"}],"version-history":[{"count":0,"href":"https:\/\/www.messinaoggi.it\/website\/wp-json\/wp\/v2\/posts\/43551\/revisions"}],"wp:featuredmedia":[{"embeddable":true,"href":"https:\/\/www.messinaoggi.it\/website\/wp-json\/wp\/v2\/media\/42542"}],"wp:attachment":[{"href":"https:\/\/www.messinaoggi.it\/website\/wp-json\/wp\/v2\/media?parent=43551"}],"wp:term":[{"taxonomy":"category","embeddable":true,"href":"https:\/\/www.messinaoggi.it\/website\/wp-json\/wp\/v2\/categories?post=43551"},{"taxonomy":"post_tag","embeddable":true,"href":"https:\/\/www.messinaoggi.it\/website\/wp-json\/wp\/v2\/tags?post=43551"}],"curies":[{"name":"wp","href":"https:\/\/api.w.org\/{rel}","templated":true}]}}