{"id":4352,"date":"2017-07-10T12:40:58","date_gmt":"2017-07-10T10:40:58","guid":{"rendered":"http:\/\/www.messinaoggi.it\/website\/?p=4352"},"modified":"2017-07-10T12:40:58","modified_gmt":"2017-07-10T10:40:58","slug":"il-red-carpet-di-marefestival-si-arricchisce-di-nuove-presenze-femminili","status":"publish","type":"post","link":"https:\/\/www.messinaoggi.it\/website\/2017\/07\/10\/il-red-carpet-di-marefestival-si-arricchisce-di-nuove-presenze-femminili\/","title":{"rendered":"Il red carpet  di Marefestival si arricchisce di nuove presenze femminili"},"content":{"rendered":"<p style=\"text-align: justify\">Al carnet di protagonisti della VI\u00b0 edizione di Marefestival, \u00a0che si svolger\u00e0\u00a0dal 18 al 23 luglio nell\u2019incantevole isola di Salina, si aggiunge un fantastico tris di donne. Barbora Bobulova,\u00a0Francesca Reggiani\u00a0e\u00a0Catena Fiorello riceveranno, infatti, \u00a0il riconoscimento in ricordo di Troisi nell&#8217;evento diretto dal giornalista\u00a0Massimiliano Cavaleri\u00a0 che \u00a0sar\u00e0 presentato alla stampa\u00a0venerd\u00ec 14 luglio\u00a0alle ore 18.00 nella Marina del Nettuno a Messina.<div id=\"div-gpt-ad-Messinaoggi.it-DSK-300x250-corpoart\" style=\"text-align:center;margin:0 auto;\"><\/div><\/p>\n<p style=\"text-align: justify\">La Bobulova, cecoslovacca di origine, ha lavorato con Bellocchio, Muccino, Infascelli, Placido, Rossi Stuart, Vanzina, Castellitto; nel 2005 la consacrazione al grande pubblico come protagonista di \u201cCuore sacro\u201d di Ferzan Ozpetek, con cui vince David di Donatello, Globo d\u2019Oro e Ciak d\u2019Oro come miglior attrice protagonista. E ancora \u201cManuale d\u2019amore 2\u201d di Veronesi, \u201cUna piccola impresa meridionale\u201d di Papaleo, \u201cImmaturi\u201d, di Genovese e \u201cScialla\u201d di Bruni; in tv \u201cIl Commissario Montalbano\u201d, \u201cIn Treatment\u201d, \u201cCome un delfino\u201d. A Salina sar\u00e0 proiettata l&#8217;ultima pellicola di cui \u00e8 protagonista: &#8220;Lasciami per sempre&#8221; firmata da Simona Izzo, con la colonna sonora di Max Gazz\u00e8.<div id=\"videoincontent\" style=\"clear:both\";><\/div><\/p>\n<p><img loading=\"lazy\" class=\"alignnone  wp-image-4354\" src=\"http:\/\/www.messinaoggi.it\/website\/wp-content\/uploads\/2017\/07\/Barbora-Bobulova-199x300.jpg\" alt=\"\" width=\"255\" height=\"384\" \/><\/p>\n<p style=\"text-align: justify\">Francesca Reggiani, straordinaria imitatrice di Loren, Parietti, Ferilli, ha studiato con Proietti ed esordito in &#8220;La tv delle ragazze&#8221;, ha partecipato al film di Fellini &#8220;Intervista&#8221;; poi divisa tra tanti programmi in RAI, come \u201cDisokkupati\u201d, \u201cLa posta del cuore\u201d, \u201cConvenscion\u201d, \u201cCocktail d\u2019amore\u201d, e scritture teatrali. Il Premio Troisi, che consiste in un quadro &#8211; scultura in resina col manifesto de &#8220;Il Postino&#8221; realizzato dal maestro\u00a0Antonello Arena, sar\u00e0 assegnato anche alla poliedrica scrittrice, autrice e conduttrice tv Catena Fiorello, protagonista di un evento speciale all&#8217;Hotel Ravesi di Malfa\u00a0nelle giornata di chiusura del Festival: &#8220;Catena Fiorello si racconta attraverso i suoi libri&#8221;, in cui parler\u00e0 della sua vita e carriera professionale, delle svariate trasmissioni tv e radiofoniche in cui ha lavorato (da &#8220;Buona Domenica&#8221; al &#8220;Festivalbar&#8221;) e degli ultimi libri &#8220;L&#8217;amore a due passi&#8221;, &#8220;Dacci oggi\u00a0il nostro pane quotidiano&#8221; e &#8220;Picciridda&#8221;.<\/p>\n<p style=\"text-align: justify\">In questi giorni l&#8217;organizzazione del Festival, curata da\u00a0Patrizia Casale\u00a0e\u00a0Francesco Cappello, \u00e8 al lavoro per gli ultimi dettagli della manifestazione, ormai tra le pi\u00f9 attese e prestigiose del calendario della provincia di Messina grazie al respiro nazionale del parterre di ospiti e autorit\u00e0 pronti a prenderne parte, tra cui gli attori gi\u00e0 annunciati\u00a0Alessandro Haber\u00a0e\u00a0Sabrina Impacciatore.<\/p>\n<p><img loading=\"lazy\" class=\"alignnone  wp-image-4355\" src=\"http:\/\/www.messinaoggi.it\/website\/wp-content\/uploads\/2017\/07\/Catena-Fiorello-227x300.jpg\" alt=\"\" width=\"316\" height=\"418\" \/><\/p>\n<p style=\"text-align: justify\">Patrocinata da Comune di Santa Marina Salina, Malfa, Milazzo, Citt\u00e0 Metropolitana di Messina, Agenzia Nazionale Giovani, Cral Provincia Messina \u00a0in collaborazione con Commerciale Gicap Spa, QuiConviene.it la Spesa Online, Sicily By Car, Caronte &amp; Tourist, Saccne Rete Ip, Damiano Malfi, Pist\u00ec, Tarnav Viaggi alle isole Eolie, Adige Car Center, Mohd, Sciotto Automobili, LS Auto, Rent Bongiorno, Donna Pi\u00f9, Aliotta Gioielli, Marefestival si preannuncia come una seigiorni ricca \u00a0di cinema, musica, moda, libri e cultura, che inizier\u00e0 a Milazzo con un&#8217;anteprima marted\u00ec 18 luglio regalando intense emozioni tutte da bere.<\/p>\n<p style=\"text-align: justify\">\n<p> <\/p>\n","protected":false},"excerpt":{"rendered":"<p>Al carnet di protagonisti della VI\u00b0 edizione di Marefestival, \u00a0che si svolger\u00e0\u00a0dal 18 al 23 luglio nell\u2019incantevole isola di Salina, si aggiunge un fantastico tris di donne. Barbora Bobulova,\u00a0Francesca Reggiani\u00a0e\u00a0Catena Fiorello riceveranno, infatti, \u00a0il riconoscimento in ricordo di Troisi nell&#8217;evento diretto dal giornalista\u00a0Massimiliano Cavaleri\u00a0 che \u00a0sar\u00e0 presentato alla stampa\u00a0venerd\u00ec 14 luglio\u00a0alle ore 18.00 nella Marina [&hellip;]<\/p>\n","protected":false},"author":5,"featured_media":4353,"comment_status":"closed","ping_status":"open","sticky":false,"template":"","format":"standard","meta":{"ub_ctt_via":"","_mi_skip_tracking":false},"categories":[17],"tags":[],"featured_image_src":"https:\/\/www.messinaoggi.it\/website\/wp-content\/uploads\/2017\/07\/Francesca-Reggiani-2.jpg","author_info":{"display_name":"Maria Antonella Saia","author_link":"https:\/\/www.messinaoggi.it\/website\/author\/m-saia\/"},"digistream_id":0,"digistream":false,"_links":{"self":[{"href":"https:\/\/www.messinaoggi.it\/website\/wp-json\/wp\/v2\/posts\/4352"}],"collection":[{"href":"https:\/\/www.messinaoggi.it\/website\/wp-json\/wp\/v2\/posts"}],"about":[{"href":"https:\/\/www.messinaoggi.it\/website\/wp-json\/wp\/v2\/types\/post"}],"author":[{"embeddable":true,"href":"https:\/\/www.messinaoggi.it\/website\/wp-json\/wp\/v2\/users\/5"}],"replies":[{"embeddable":true,"href":"https:\/\/www.messinaoggi.it\/website\/wp-json\/wp\/v2\/comments?post=4352"}],"version-history":[{"count":0,"href":"https:\/\/www.messinaoggi.it\/website\/wp-json\/wp\/v2\/posts\/4352\/revisions"}],"wp:featuredmedia":[{"embeddable":true,"href":"https:\/\/www.messinaoggi.it\/website\/wp-json\/wp\/v2\/media\/4353"}],"wp:attachment":[{"href":"https:\/\/www.messinaoggi.it\/website\/wp-json\/wp\/v2\/media?parent=4352"}],"wp:term":[{"taxonomy":"category","embeddable":true,"href":"https:\/\/www.messinaoggi.it\/website\/wp-json\/wp\/v2\/categories?post=4352"},{"taxonomy":"post_tag","embeddable":true,"href":"https:\/\/www.messinaoggi.it\/website\/wp-json\/wp\/v2\/tags?post=4352"}],"curies":[{"name":"wp","href":"https:\/\/api.w.org\/{rel}","templated":true}]}}