{"id":43462,"date":"2020-05-13T17:53:17","date_gmt":"2020-05-13T15:53:17","guid":{"rendered":"https:\/\/www.messinaoggi.it\/website\/?p=43462"},"modified":"2020-05-13T17:53:17","modified_gmt":"2020-05-13T15:53:17","slug":"si-alle-prenotazioni-parrucchieri-aperti-domenica-e-lunedi","status":"publish","type":"post","link":"https:\/\/www.messinaoggi.it\/website\/2020\/05\/13\/si-alle-prenotazioni-parrucchieri-aperti-domenica-e-lunedi\/","title":{"rendered":"S\u00ec alle prenotazioni, barbieri e parrucchieri aperti domenica e luned\u00ec"},"content":{"rendered":"<p>Possibilit\u00e0 di aprire anche domenica e luned\u00ec, postazioni separate di almeno due metri, aree d\u2019attesa per i clienti all\u2019esterno del negozio. Sono alcune delle linee guida per parrucchieri ed estetisti indicate nel documento tecnico dell\u2019Inail e dell\u2019Iss approvato dal Comitato tecnico -scientifico in vista della riapertura delle attivit\u00e0 prevista per il 18 maggio.<br \/>\nRegole di carattere generale, sottolinea l\u2019Inail, che interessano un settore a rischio \u201cmedio-alto\u201d che coinvolge circa 140 mila imprese e 260 mila addetti.<br \/>\n\u201cAl fine di garantire l\u2019accessibilit\u00e0 ai servizi dopo un lungo periodo di chiusura e in considerazione delle misure da adottare, che verosimilmente ridurranno il numero di trattamenti in contemporanea \u2013 si legge nel documento \u2013 \u00e8 opportuno prevedere la possibilit\u00e0 di permettere deroghe ai giorni di chiusura e consentire l\u2019estensione degli orari di apertura dei locali\u201d.<br \/>\nPer razionalizzare gli spazi interni e consentire il distanziamento sociale, sottolineano inoltre gli esperti, bisogner\u00e0 \u201cfavorire la realizzazione di aree di attesa\u201d per i clienti \u201canche all\u2019esterno dei locali, consentendo ove possibile l\u2019occupazione del suolo pubblico in deroga\u201d.<br \/>\nL\u2019Inail indica poi tutta una serie di \u201cmisure organizzative generali\u201d: si va dalla prenotazione obbligatoria (fase in cui vanno \u201cpredeterminati i tipi di trattamento richiesti\u201d) alle barriere di separazione tra le varie aree, dalla previsione di una distanza minima di almeno due metri tra le postazioni all\u2019eliminazione di \u201criviste e ogni altro oggetto che possa essere di utilizzo promiscuo nel locale\u201d.<br \/>\nDovr\u00e0 inoltre essere presa la temperatura ai clienti, consegnata loro una \u201cborsa\/sacchetto individuale monouso per raccogliere gli effetti personale\u201d, privilegiare i pagamenti con bancomat e sistemi contactless.<br \/>\nSia per i clienti che per i dipendenti \u00e8 ovviamente previsto l\u2019obbligo di mascherina (per i lavoratori anche di guanti in nitrile e schermi facciali) e vanno utilizzati grembiuli e asciugamani monouso, cos\u00ec come bisogna sanificare le postazioni e gli strumenti dopo ogni trattamento e predisporre dei dispenser con soluzioni igienizzanti.<br \/>\nGli esperti entrano anche nei rapporti sociali tra cliente e titolare o dipendente del negozio. E\u2019 necessario, scrivono infatti, \u201cprivilegiare la conversazione con il cliente tramite lo specchio e svolgere le procedure rimanendo alle spalle del cliente in tutti i casi possibili\u201d.<br \/>\nUn capitolo del documento tecnico \u00e8 dedicato agli estetisti, settore dove gi\u00e0 sono in uso \u201cmisure di prevenzione del rischio da agenti biologici\u201d.<br \/>\nMa questo non basta: per i trattamenti del viso che richiedono l\u2019uso di vapore, spiegano gli esperti, si dovranno prevedere operazioni alternative e in ogni caso potranno esser fatti solo in locali separati.<br \/>\nDovranno rimanere chiuse saune, bagno turco e vasche idromassaggio e vanno pulite e disinfettate tutte le superfici della cabina estetica ad ogni cambio di cliente.<br \/>\nPer i lavoratori \u00e8 previsto l\u2019uso delle mascherine Ffp2 e ffp3 e non di quelle chirurgiche, oltre alle maschere protettive o visiere.<div id=\"div-gpt-ad-Messinaoggi.it-DSK-300x250-corpoart\" style=\"text-align:center;margin:0 auto;\"><\/div><\/p>\n<div id=\"videoincontent\" style=\"clear:both\";><\/div>","protected":false},"excerpt":{"rendered":"<p>Possibilit\u00e0 di aprire anche domenica e luned\u00ec, postazioni separate di almeno due metri, aree d\u2019attesa per i clienti all\u2019esterno del negozio. Sono alcune delle linee guida per parrucchieri ed estetisti indicate nel documento tecnico dell\u2019Inail e dell\u2019Iss approvato dal Comitato tecnico -scientifico in vista della riapertura delle attivit\u00e0 prevista per il 18 maggio. Regole di [&hellip;]<\/p>\n","protected":false},"author":4,"featured_media":41056,"comment_status":"closed","ping_status":"closed","sticky":false,"template":"","format":"standard","meta":{"ub_ctt_via":"","_mi_skip_tracking":false},"categories":[221],"tags":[],"featured_image_src":"https:\/\/www.messinaoggi.it\/website\/wp-content\/uploads\/2020\/03\/barbiere-vuoto-per-coronavirus.jpg","author_info":{"display_name":"redme","author_link":"https:\/\/www.messinaoggi.it\/website\/author\/redme\/"},"digistream_id":0,"digistream":false,"_links":{"self":[{"href":"https:\/\/www.messinaoggi.it\/website\/wp-json\/wp\/v2\/posts\/43462"}],"collection":[{"href":"https:\/\/www.messinaoggi.it\/website\/wp-json\/wp\/v2\/posts"}],"about":[{"href":"https:\/\/www.messinaoggi.it\/website\/wp-json\/wp\/v2\/types\/post"}],"author":[{"embeddable":true,"href":"https:\/\/www.messinaoggi.it\/website\/wp-json\/wp\/v2\/users\/4"}],"replies":[{"embeddable":true,"href":"https:\/\/www.messinaoggi.it\/website\/wp-json\/wp\/v2\/comments?post=43462"}],"version-history":[{"count":0,"href":"https:\/\/www.messinaoggi.it\/website\/wp-json\/wp\/v2\/posts\/43462\/revisions"}],"wp:featuredmedia":[{"embeddable":true,"href":"https:\/\/www.messinaoggi.it\/website\/wp-json\/wp\/v2\/media\/41056"}],"wp:attachment":[{"href":"https:\/\/www.messinaoggi.it\/website\/wp-json\/wp\/v2\/media?parent=43462"}],"wp:term":[{"taxonomy":"category","embeddable":true,"href":"https:\/\/www.messinaoggi.it\/website\/wp-json\/wp\/v2\/categories?post=43462"},{"taxonomy":"post_tag","embeddable":true,"href":"https:\/\/www.messinaoggi.it\/website\/wp-json\/wp\/v2\/tags?post=43462"}],"curies":[{"name":"wp","href":"https:\/\/api.w.org\/{rel}","templated":true}]}}