{"id":43452,"date":"2020-05-13T16:09:09","date_gmt":"2020-05-13T14:09:09","guid":{"rendered":"https:\/\/www.messinaoggi.it\/website\/?p=43452"},"modified":"2020-05-13T16:09:09","modified_gmt":"2020-05-13T14:09:09","slug":"baraccopoli-la-vergogna-sbarca-a-montecitorio","status":"publish","type":"post","link":"https:\/\/www.messinaoggi.it\/website\/2020\/05\/13\/baraccopoli-la-vergogna-sbarca-a-montecitorio\/","title":{"rendered":"Baraccopoli, la vergogna sbarca a Montecitorio"},"content":{"rendered":"<p style=\"font-weight: 400; text-align: justify;\">\u201c\u00c8 ufficialmente iniziato oggi l\u2019iter parlamentare della proposta di legge del Centrodestra, a mia prima firma, recante \u2018Disposizioni per la gestione dell\u2019emergenza legata al risanamento dei nuclei abitativi degradati nella citt\u00e0 di Messina\u2019: lo riferisce Matilde Siracusano, deputata messinese di Forza Italia.<div id=\"div-gpt-ad-Messinaoggi.it-DSK-300x250-corpoart\" style=\"text-align:center;margin:0 auto;\"><\/div><\/p>\n<p style=\"font-weight: 400; text-align: justify;\">&#8220;Il testo del provvedimento &#8211; che ho depositato alla Camera dei deputati nel mese di febbraio, e che ha l\u2019obiettivo di cancellare la vergogna delle baraccopoli della citt\u00e0 dello Stretto (70 insediamenti nel centro urbano del Comune, nei quali vivono circa 8mila persone) &#8211; \u00e8 stato incardinato in Commissione Ambiente a Montecitorio ed arriver\u00e0 in aula nel mese di luglio.<div id=\"videoincontent\" style=\"clear:both\";><\/div><\/p>\n<p style=\"font-weight: 400; text-align: justify;\">La pdl \u00e8 stata sottoscritta dalla capogruppo di Forza Italia alla Camera, Mariastella Gelmini, dal capogruppo di Fratelli d\u2019Italia a Montecitorio, Francesco Lollobrigida, dal vice capogruppo della Lega alla Camera,\u00a0 Alessandro Pagano, e da numerosi parlamentare di Forza Italia, Lega e FdI.<\/p>\n<p style=\"font-weight: 400; text-align: justify;\">La proposta di legge &#8211; che stanzia 250 milioni di euro per gli anni 2020, 2021 e 2022 &#8211; prevede, tra le altre misure: la nomina di un Commissario straordinario che per l\u2019esercizio dei compiti assegnati si avvarr\u00e0 dell\u2019Agenzia per il risanamento e la riqualificazione urbana della citt\u00e0 di Messina (<a href=\"http:\/\/a.ris.me\/\">A.Ris.Me<\/a>) come soggetto attuatore; l\u2019istituzione di Zes al fine di favorire la ripresa e lo sviluppo delle attivit\u00e0 imprenditoriali e degli investimenti all\u2019interno dell\u2019area del Comune di Messina; interventi per garantire l\u2019inclusione sociale e la formazione professionale, al fine di favorire l\u2019aumento dell\u2019occupazione e della partecipazione al mercato del lavoro delle persone economicamente o socialmente deboli negli ambiti territoriali di risanamento oggetto della legge.<\/p>\n<p style=\"font-weight: 400; text-align: justify;\">Finalmente il Parlamento avvia l\u2019esame di una norma fondamentale per la citt\u00e0 peloritana e per gli abitanti delle sue baraccopoli. Forza Italia e il centrodestra credono in questo provvedimento e auspichiamo possa incontrare nelle Aule di Camera e Senato la pi\u00f9 larga convergenza possibile.<\/p>\n<p style=\"font-weight: 400; text-align: justify;\">Siamo aperti al confronto con le altre forze politiche ma abbiamo un unico obiettivo: eliminare per sempre le baracche da Messina e dare nuova vita a migliaia di persone.<\/p>\n<p style=\"font-weight: 400; text-align: justify;\">Continueremo senza sosta il nostro lavoro &#8211; conclude Matilde Siracusano &#8211; per far s\u00ec che questa proposta divenga legge nel pi\u00f9 breve tempo possibile\u201d.<\/p>\n","protected":false},"excerpt":{"rendered":"<p>\u201c\u00c8 ufficialmente iniziato oggi l\u2019iter parlamentare della proposta di legge del Centrodestra, a mia prima firma, recante \u2018Disposizioni per la gestione dell\u2019emergenza legata al risanamento dei nuclei abitativi degradati nella citt\u00e0 di Messina\u2019: lo riferisce Matilde Siracusano, deputata messinese di Forza Italia. &#8220;Il testo del provvedimento &#8211; che ho depositato alla Camera dei deputati nel [&hellip;]<\/p>\n","protected":false},"author":4,"featured_media":43454,"comment_status":"closed","ping_status":"closed","sticky":false,"template":"","format":"standard","meta":{"ub_ctt_via":"","_mi_skip_tracking":false},"categories":[4],"tags":[],"featured_image_src":"https:\/\/www.messinaoggi.it\/website\/wp-content\/uploads\/2020\/05\/c51a889c-75fd-459c-a702-fce93fbafb49.JPG-1.jpg","author_info":{"display_name":"redme","author_link":"https:\/\/www.messinaoggi.it\/website\/author\/redme\/"},"digistream_id":0,"digistream":false,"_links":{"self":[{"href":"https:\/\/www.messinaoggi.it\/website\/wp-json\/wp\/v2\/posts\/43452"}],"collection":[{"href":"https:\/\/www.messinaoggi.it\/website\/wp-json\/wp\/v2\/posts"}],"about":[{"href":"https:\/\/www.messinaoggi.it\/website\/wp-json\/wp\/v2\/types\/post"}],"author":[{"embeddable":true,"href":"https:\/\/www.messinaoggi.it\/website\/wp-json\/wp\/v2\/users\/4"}],"replies":[{"embeddable":true,"href":"https:\/\/www.messinaoggi.it\/website\/wp-json\/wp\/v2\/comments?post=43452"}],"version-history":[{"count":0,"href":"https:\/\/www.messinaoggi.it\/website\/wp-json\/wp\/v2\/posts\/43452\/revisions"}],"wp:featuredmedia":[{"embeddable":true,"href":"https:\/\/www.messinaoggi.it\/website\/wp-json\/wp\/v2\/media\/43454"}],"wp:attachment":[{"href":"https:\/\/www.messinaoggi.it\/website\/wp-json\/wp\/v2\/media?parent=43452"}],"wp:term":[{"taxonomy":"category","embeddable":true,"href":"https:\/\/www.messinaoggi.it\/website\/wp-json\/wp\/v2\/categories?post=43452"},{"taxonomy":"post_tag","embeddable":true,"href":"https:\/\/www.messinaoggi.it\/website\/wp-json\/wp\/v2\/tags?post=43452"}],"curies":[{"name":"wp","href":"https:\/\/api.w.org\/{rel}","templated":true}]}}