{"id":43400,"date":"2020-05-11T21:15:34","date_gmt":"2020-05-11T19:15:34","guid":{"rendered":"https:\/\/www.messinaoggi.it\/website\/?p=43400"},"modified":"2020-05-11T21:15:34","modified_gmt":"2020-05-11T19:15:34","slug":"morto-sub-a-torre-faro-si-tratta-di-giuseppe-sano","status":"publish","type":"post","link":"https:\/\/www.messinaoggi.it\/website\/2020\/05\/11\/morto-sub-a-torre-faro-si-tratta-di-giuseppe-sano\/","title":{"rendered":"Morto sub a Torre Faro: si tratta di Giuseppe San\u00f2"},"content":{"rendered":"<p style=\"text-align: justify;\">Il cadavere del sub trovato morto oggi pomeriggio a Torre Faro appartiene a Giuseppe San\u00f2, 42 anni. L&#8217;uomo sarebbe stato colto da un malore durante l&#8217;immersione in apnea. A trovare il corpo dell&#8217;uomo dono stati gli uomini della Guardia costiera di Messina che hanno ricevuto la delega per svolgere le indagini di polizia giudiziaria.<div id=\"div-gpt-ad-Messinaoggi.it-DSK-300x250-corpoart\" style=\"text-align:center;margin:0 auto;\"><\/div><\/p>\n<p><img loading=\"lazy\" class=\" wp-image-43402 alignnone\" src=\"https:\/\/www.messinaoggi.it\/website\/wp-content\/uploads\/2020\/05\/6D4D3A41-FFA5-4081-AD8C-73D1DC2175B1-300x225.jpeg\" alt=\"\" width=\"1057\" height=\"793\" \/><div id=\"videoincontent\" style=\"clear:both\";><\/div><\/p>\n<p style=\"text-align: justify;\">Giuseppe San\u00f2 era molto noto in citt\u00e0 per la sua attivit\u00e0 politica essendo stato consigliere della VI Circoscrizione durante l&#8217;amministrazione Accorinti e proprio con la lista dell&#8217;ex sindaco di Messina ha corso per una poltrona in Consiglio comunale. Alle Europee del 2019 ha corso con la lista della Bonino &#8220;Pi\u00f9 Europa&#8221;, partito al quale aveva aderito qualche mese prima.<\/p>\n<p style=\"text-align: justify;\">La notizia della morte di Giuseppe San\u00f2 ha fatto velocemente il giro dei Social, era una ragazzo mite ben voluto dalla gente di Torre Faro, dove risiedeva con la famiglia. Oggi pomeriggio, l&#8217;uomo ha deciso di lanciarsi in acqua per una battuta di pesca in apnea, cose che faceva spesso, ma un malore l&#8217;ha stroncato.<\/p>\n<p><img loading=\"lazy\" class=\"size-medium wp-image-43403 alignleft\" src=\"https:\/\/www.messinaoggi.it\/website\/wp-content\/uploads\/2020\/05\/17CFF51D-0645-451A-84F9-54DAB3EC65A2-300x229.jpeg\" alt=\"\" width=\"300\" height=\"229\" \/><\/p>\n<p style=\"text-align: justify;\">Il corpo senza vita di Giuseppe San\u00f2, 42 anni, \u00e8 stato ritrovato nel pomeriggio da un pescatore nelle acque antistanti Torre Faro. Il cadavere \u00e8 stato recuperato dagli uomini della Guardia costiera. La grande passione per la pesca subacquea sembra gli sia stata fatale.<\/p>\n<p style=\"text-align: justify;\">Il corpo senza vita di Giuseppe San\u00f2 si trova sulla motovedetta della Guardia costiera ormeggiata al porticciolo turistico &#8220;Marina del Nettuno&#8221;, in attesa di nuove disposizioni della magistratura.<\/p>\n<p style=\"text-align: justify;\">Sembra che il corpo sia stato gi\u00e0 riconosciuto dal padre della vittima. Domani o mercoled\u00ec \u00e8 prevista l&#8217;autopsia.<\/p>\n<p>Studi classici, laurea in Farmacia e Master in Economia e Management della Sanit\u00e0, Giuseppe San\u00f2, classe 1977, \u00e8 nato a Messina e vive a Capo Peloro. Dal 2013 al 2016 \u00e8 stato Presidente IV Commissione VI Municipalit\u00e0 del Comune di Messina ed attualmente \u00e8 consigliere della medesima. Lavora come Product Specialist Diabetes per la Eli Lilly. Appassionato lettore mosso da infinita curiosit\u00e0, ha studiato anche arabo. Perennemente proteso all\u2019amore per l\u2019ambiente e la sua terra di origine che cerca, con l\u2019impegno attivo, di rendere un posto migliore, \u00e8 specializzato nella pesca in apnea in profondit\u00e0. Si definisce \u201cschiavo\u201d della politica e della gente e trova motivazione nell\u2019espressione \u201cnon si pu\u00f2 fare\u201d.<br \/>\nE&#8217; quanto viene riportato sul sito del partito politico &#8220;Pi\u00f9 Europa&#8221;.<\/p>\n","protected":false},"excerpt":{"rendered":"<p>Il cadavere del sub trovato morto oggi pomeriggio a Torre Faro appartiene a Giuseppe San\u00f2, 42 anni. L&#8217;uomo sarebbe stato colto da un malore durante l&#8217;immersione in apnea. A trovare il corpo dell&#8217;uomo dono stati gli uomini della Guardia costiera di Messina che hanno ricevuto la delega per svolgere le indagini di polizia giudiziaria. Giuseppe [&hellip;]<\/p>\n","protected":false},"author":2,"featured_media":43399,"comment_status":"closed","ping_status":"closed","sticky":false,"template":"","format":"standard","meta":{"ub_ctt_via":"","_mi_skip_tracking":false},"categories":[5,19],"tags":[],"featured_image_src":"https:\/\/www.messinaoggi.it\/website\/wp-content\/uploads\/2020\/05\/ED6126FB-6F78-4D0B-8C0A-A2E787198681.jpeg","author_info":{"display_name":"Redazione","author_link":"https:\/\/www.messinaoggi.it\/website\/author\/redazione\/"},"digistream_id":0,"digistream":false,"_links":{"self":[{"href":"https:\/\/www.messinaoggi.it\/website\/wp-json\/wp\/v2\/posts\/43400"}],"collection":[{"href":"https:\/\/www.messinaoggi.it\/website\/wp-json\/wp\/v2\/posts"}],"about":[{"href":"https:\/\/www.messinaoggi.it\/website\/wp-json\/wp\/v2\/types\/post"}],"author":[{"embeddable":true,"href":"https:\/\/www.messinaoggi.it\/website\/wp-json\/wp\/v2\/users\/2"}],"replies":[{"embeddable":true,"href":"https:\/\/www.messinaoggi.it\/website\/wp-json\/wp\/v2\/comments?post=43400"}],"version-history":[{"count":0,"href":"https:\/\/www.messinaoggi.it\/website\/wp-json\/wp\/v2\/posts\/43400\/revisions"}],"wp:featuredmedia":[{"embeddable":true,"href":"https:\/\/www.messinaoggi.it\/website\/wp-json\/wp\/v2\/media\/43399"}],"wp:attachment":[{"href":"https:\/\/www.messinaoggi.it\/website\/wp-json\/wp\/v2\/media?parent=43400"}],"wp:term":[{"taxonomy":"category","embeddable":true,"href":"https:\/\/www.messinaoggi.it\/website\/wp-json\/wp\/v2\/categories?post=43400"},{"taxonomy":"post_tag","embeddable":true,"href":"https:\/\/www.messinaoggi.it\/website\/wp-json\/wp\/v2\/tags?post=43400"}],"curies":[{"name":"wp","href":"https:\/\/api.w.org\/{rel}","templated":true}]}}