{"id":4337,"date":"2017-07-09T22:27:05","date_gmt":"2017-07-09T20:27:05","guid":{"rendered":"http:\/\/www.messinaoggi.it\/website\/?p=4337"},"modified":"2017-07-09T22:27:05","modified_gmt":"2017-07-09T20:27:05","slug":"4337","status":"publish","type":"post","link":"https:\/\/www.messinaoggi.it\/website\/2017\/07\/09\/4337\/","title":{"rendered":"Pistunina, Mortelliti: &quot;Marted\u00ec chiudiamo per il tecnico&quot;"},"content":{"rendered":"<p style=\"text-align: justify\">&#8220;Confermiamo e siamo consapevoli che un altro anno si pu\u00f2 ancora disputare il torneo di Eccellenza&#8230;&#8221; &#8220;Parole e musica&#8221; di un sempre pi\u00f9 ottimista Raimondo Mortelliti, direttore sportivo dell&#8217;Usd Pistunina che, a questo punto, sente ormai dietro l&#8217;angolo il 2\u00b0 ripescaggio di fila, stavolta da retrocesso in Promozione, nel massimo torneo regionale.<div id=\"div-gpt-ad-Messinaoggi.it-DSK-300x250-corpoart\" style=\"text-align:center;margin:0 auto;\"><\/div><\/p>\n<p style=\"text-align: justify\">L&#8217;altra grande novit\u00e0 in arrivo \u00e8 quella dell&#8217;allenatore: &#8220;Tra marted\u00ec e mercoled\u00ec &#8211; avverte Mortelliti &#8211; si chiude con il tecnico etneo ex Catania Primavera, Taormina e Acireale che a sua volta sta coinvolgendo 3 calciatori di categoria superiore&#8230;&#8221; Il diesse rossonero non conferma ma neppure smentisce le indiscrezioni che sembrano condurre all&#8217;identikit di Ezio Raciti. E quindi, a questo punto, per un discorso di favorevole collocazione geografica, potrebbe prendere definitivamente piede la soluzione Roccalumera come sede per le gare casalinghe, con buona pace di un possibile ritorno al &#8220;Garden Sport&#8221; che &#8211; stando almeno a qualche &#8220;rumor&#8221; &#8211; sembrava aver preso quota durante gli ultimi giorni,.<br \/>\nPer il resto Mortelliti continua a scandagliare il mercato per proseguire la campagna di rafforzamento del Pistunina: strappato al Camaro, a titolo definitivo dopo il prestito dell&#8217;ultima stagione, il centrocampista Pa&#8217; Keita, mentr invece il giovane portiere classe &#8217;99 Davide Montaperto passa al Messina Sud. Non \u00e8 escluso, quindi, che sia l&#8217;altro juniores Massimiliano Zullo ad affiancare il pi\u00f9 esperto Salvo Fazio. Per il resto si attende una risposta da Peppe Lauro e Alessio Mento, obiettivi di mercato rossoneri.<br \/>\nChiuso definitivamente, invece, il rapporto con Ciccio Ingemi che, stando a quanto comunicato dal direttore Mortelliti, &#8220;ha rifiutato la riconferma&#8221;. Peraltro gi\u00e0 dallo scorso dicembre il centrocampista non aveva pi\u00f9 voluto continuare col Pistunina con cui, comunque, era rimasto tesserato. A questo punto si suppone quindi che l&#8217;atleta sar\u00e0 lasciato libero di potersi accasare dove ritiene pi\u00f9 opportuno.<div id=\"videoincontent\" style=\"clear:both\";><\/div><\/p>\n","protected":false},"excerpt":{"rendered":"<p>&#8220;Confermiamo e siamo consapevoli che un altro anno si pu\u00f2 ancora disputare il torneo di Eccellenza&#8230;&#8221; &#8220;Parole e musica&#8221; di un sempre pi\u00f9 ottimista Raimondo Mortelliti, direttore sportivo dell&#8217;Usd Pistunina che, a questo punto, sente ormai dietro l&#8217;angolo il 2\u00b0 ripescaggio di fila, stavolta da retrocesso in Promozione, nel massimo torneo regionale. L&#8217;altra grande novit\u00e0 [&hellip;]<\/p>\n","protected":false},"author":9,"featured_media":4338,"comment_status":"closed","ping_status":"open","sticky":false,"template":"","format":"standard","meta":{"ub_ctt_via":"","_mi_skip_tracking":false},"categories":[10,9],"tags":[],"featured_image_src":"https:\/\/www.messinaoggi.it\/website\/wp-content\/uploads\/2017\/07\/Raciti-2.jpg","author_info":{"display_name":"Roberto Santoro","author_link":"https:\/\/www.messinaoggi.it\/website\/author\/r-santoro\/"},"digistream_id":0,"digistream":false,"_links":{"self":[{"href":"https:\/\/www.messinaoggi.it\/website\/wp-json\/wp\/v2\/posts\/4337"}],"collection":[{"href":"https:\/\/www.messinaoggi.it\/website\/wp-json\/wp\/v2\/posts"}],"about":[{"href":"https:\/\/www.messinaoggi.it\/website\/wp-json\/wp\/v2\/types\/post"}],"author":[{"embeddable":true,"href":"https:\/\/www.messinaoggi.it\/website\/wp-json\/wp\/v2\/users\/9"}],"replies":[{"embeddable":true,"href":"https:\/\/www.messinaoggi.it\/website\/wp-json\/wp\/v2\/comments?post=4337"}],"version-history":[{"count":0,"href":"https:\/\/www.messinaoggi.it\/website\/wp-json\/wp\/v2\/posts\/4337\/revisions"}],"wp:featuredmedia":[{"embeddable":true,"href":"https:\/\/www.messinaoggi.it\/website\/wp-json\/wp\/v2\/media\/4338"}],"wp:attachment":[{"href":"https:\/\/www.messinaoggi.it\/website\/wp-json\/wp\/v2\/media?parent=4337"}],"wp:term":[{"taxonomy":"category","embeddable":true,"href":"https:\/\/www.messinaoggi.it\/website\/wp-json\/wp\/v2\/categories?post=4337"},{"taxonomy":"post_tag","embeddable":true,"href":"https:\/\/www.messinaoggi.it\/website\/wp-json\/wp\/v2\/tags?post=4337"}],"curies":[{"name":"wp","href":"https:\/\/api.w.org\/{rel}","templated":true}]}}