{"id":43244,"date":"2020-05-07T13:47:04","date_gmt":"2020-05-07T11:47:04","guid":{"rendered":"https:\/\/www.messinaoggi.it\/website\/?p=43244"},"modified":"2020-05-07T13:47:04","modified_gmt":"2020-05-07T11:47:04","slug":"fase-2-verso-un-allentamento-ora-sperano-i-parrucchieri","status":"publish","type":"post","link":"https:\/\/www.messinaoggi.it\/website\/2020\/05\/07\/fase-2-verso-un-allentamento-ora-sperano-i-parrucchieri\/","title":{"rendered":"Fase 2 verso un allentamento, ora sperano i parrucchieri"},"content":{"rendered":"<p>Dopo i segnali giunti dal ministro per gli Affari regionali Francesco Boccia, mostratosi possibilista su riaperture basate sulle differenziazioni territoriali a partire dal 18 maggio, la Sicilia sembra pi\u00f9 vicina a un allentamento delle restrizioni nella Fase 2.<br \/>\nE\u2019 il governatore Musumeci a confermarlo nel corso della conferenza stampa on line con l\u2019assessore Scavone a proposito dei ritardi nell\u2019erogazione della cassa integrazione.<br \/>\n\u201cLa festa non \u00e8 ancora cominciata \u2013 ha sottolineato il presidente della Regione \u2013 ho visto troppe persone che vanno in giro senza mascherina. Conviviamo con il virus.<br \/>\nIn arrivo c\u2019\u00e8 un\u2019altra ordinanza per la met\u00e0 di maggio. Abbiamo chiesto di riaprire parrucchieri per uomo e donna e crediamo possano aprire anche i negozi al dettaglio.<br \/>\nNelle giuste modalit\u00e0 possono riaprire tante altre attivit\u00e0. Sono convinto che mantenendo il senso di responsabilit\u00e0 credo che potremmo piano piano allargare le maglie\u201d.<div id=\"div-gpt-ad-Messinaoggi.it-DSK-300x250-corpoart\" style=\"text-align:center;margin:0 auto;\"><\/div><\/p>\n<div id=\"videoincontent\" style=\"clear:both\";><\/div>","protected":false},"excerpt":{"rendered":"<p>Dopo i segnali giunti dal ministro per gli Affari regionali Francesco Boccia, mostratosi possibilista su riaperture basate sulle differenziazioni territoriali a partire dal 18 maggio, la Sicilia sembra pi\u00f9 vicina a un allentamento delle restrizioni nella Fase 2. E\u2019 il governatore Musumeci a confermarlo nel corso della conferenza stampa on line con l\u2019assessore Scavone a [&hellip;]<\/p>\n","protected":false},"author":4,"featured_media":43124,"comment_status":"closed","ping_status":"closed","sticky":false,"template":"","format":"standard","meta":{"ub_ctt_via":"","_mi_skip_tracking":false},"categories":[221],"tags":[],"featured_image_src":"https:\/\/www.messinaoggi.it\/website\/wp-content\/uploads\/2020\/05\/auto-in-doppia-fila-2.jpg","author_info":{"display_name":"redme","author_link":"https:\/\/www.messinaoggi.it\/website\/author\/redme\/"},"digistream_id":0,"digistream":false,"_links":{"self":[{"href":"https:\/\/www.messinaoggi.it\/website\/wp-json\/wp\/v2\/posts\/43244"}],"collection":[{"href":"https:\/\/www.messinaoggi.it\/website\/wp-json\/wp\/v2\/posts"}],"about":[{"href":"https:\/\/www.messinaoggi.it\/website\/wp-json\/wp\/v2\/types\/post"}],"author":[{"embeddable":true,"href":"https:\/\/www.messinaoggi.it\/website\/wp-json\/wp\/v2\/users\/4"}],"replies":[{"embeddable":true,"href":"https:\/\/www.messinaoggi.it\/website\/wp-json\/wp\/v2\/comments?post=43244"}],"version-history":[{"count":0,"href":"https:\/\/www.messinaoggi.it\/website\/wp-json\/wp\/v2\/posts\/43244\/revisions"}],"wp:featuredmedia":[{"embeddable":true,"href":"https:\/\/www.messinaoggi.it\/website\/wp-json\/wp\/v2\/media\/43124"}],"wp:attachment":[{"href":"https:\/\/www.messinaoggi.it\/website\/wp-json\/wp\/v2\/media?parent=43244"}],"wp:term":[{"taxonomy":"category","embeddable":true,"href":"https:\/\/www.messinaoggi.it\/website\/wp-json\/wp\/v2\/categories?post=43244"},{"taxonomy":"post_tag","embeddable":true,"href":"https:\/\/www.messinaoggi.it\/website\/wp-json\/wp\/v2\/tags?post=43244"}],"curies":[{"name":"wp","href":"https:\/\/api.w.org\/{rel}","templated":true}]}}