{"id":43236,"date":"2020-05-07T10:45:08","date_gmt":"2020-05-07T08:45:08","guid":{"rendered":"https:\/\/www.messinaoggi.it\/website\/?p=43236"},"modified":"2020-05-07T10:45:08","modified_gmt":"2020-05-07T08:45:08","slug":"fase-2-e-sostegno-alle-imprese-de-luca-scrive-allanci-pronta-manovra-da-10-mln","status":"publish","type":"post","link":"https:\/\/www.messinaoggi.it\/website\/2020\/05\/07\/fase-2-e-sostegno-alle-imprese-de-luca-scrive-allanci-pronta-manovra-da-10-mln\/","title":{"rendered":"Fase 2 e sostegno alle imprese, De Luca scrive all&#039;Anci: &quot;Pronta manovra da 10 mln&quot;"},"content":{"rendered":"<p>Il sindaco Cateno De Luca ha inviato una missiva all\u2019Istituto per la Finanza e l\u2019Economia locale dell\u2019Anci per porre un quesito in merito alle misure di sostegno economico alle imprese che la sua Amministrazione vuole mettere in atto. A detta dell\u2019Amministrazione comunale si tratta di una manovra che vale 10 milioni di euro e che sar\u00e0 suddivisa in 5 milioni per i contributi da erogare e altri 5 milioni per le esenzioni tributarie. Inoltre, sono previsti anche appalti per infrastrutture che da maggio ad agosto ammontano ad oltre 30 milioni di euro.<br \/>\n\u201cOrmai da 15 giorni abbiamo avviato una costante interlocuzione con i rappresentanti delle associazioni imprenditoriali, i quali hanno formalizzato una serie di proposte direttamente al comune di Messina. \u00a0\u2013 dichiara De Luca &#8211; Alcune di queste per\u00f2 non possono essere direttamente ascrivibili alle competenze del citato Ente non gi\u00e0 per volont\u00e0 ma per evidenti aspetti giuridici che ne limitano la concreta realizzazione. Si individuano infatti azioni legati a riduzione e\/o esenzioni afferenti al sistema dei tributi e\/o imposte locali che, nel rispetto degli equilibri di bilancio si ritiene possano essere adeguamenti supportati da azioni concrete da parte della mia Amministrazione. Si chiede pertanto, nel rispetto degli equilibri di Bilancio di: istituire misure di fondo perduto per le imprese che a seguito del DPCM 11 marzo 2020 e successivi hanno dovuto sospendere le proprie attivit\u00e0; costituire un fondo da mettere a garanzia di soggetti abilitati dalla legge all\u2019esercizio dell\u2019attivit\u00e0 finanziaria con il vincolo che le garanzie siano prestate per finanziarie le imprese che a seguito del DPCM 11 marzo 2020 e successivi hanno dovuto sospendere le proprie attivit\u00e0; operare una detrazione totale dell\u2019IMU per l\u2019anno 2020 per i proprietari degli immobili oggetto di contratto di locazione a favore delle\u00a0 imprese che a seguito del DPCM 11 marzo 2020 e successivi hanno dovuto sospendere le proprie attivit\u00e0\u201d.<br \/>\n<strong>Le misure per le imprese.<\/strong> \u201cCerto nella considerazione delle problematiche giuridico-amministrative legate a tale azione, oltre alle perplessit\u00e0 sulla lunga fase di riapertura \u2013 continua il primo cittadino \u2013 si elencano le misure che invece potrebbero trovare una positiva risposta anche di natura tecnico-contabile a favore del comparto imprenditoriale: Riduzione della TARI in proporzione al periodo di chiusura dell\u2019attivit\u00e0 di cui al DPCM 11 marzo 2020 e contestuale riduzione della differenza in una misura percentuale (es. 50%) al fine di normalizzare la pressione della tariffa a carico delle imprese; Esenzione dal pagamento del canone di occupazione del suolo pubblico corrispondete al periodo di sospensione delle attivit\u00e0 e riduzione del 100% durante il periodo di riapertura per tutto l\u2019anno 2020; Esenzione tributo comunicazioni scia e dia per adeguamenti; Esenzione del tributo passo carrabile per le imprese obbligate ad interrompere l\u2019attivit\u00e0 per tutto il periodo della chiusura e riduzione del 50% fino al 2020\u201d.<br \/>\n\u201cCi\u00f2 che \u00e8 certo \u2013 conclude il sindaco\u2013 \u00e8 che un sostegno alle imprese ormai in ginocchio da mesi noi vogliamo fornirlo. Poniamo tali quesiti perch\u00e9 da parte nostra c\u2019\u00e8 la volont\u00e0 di mettere in campo una Manovra capace di fornire concreti aiuti per il rilancio economico locale, fermo restando che dobbiamo dar conto a chi sta sopra le nostre teste\u201d.<div id=\"div-gpt-ad-Messinaoggi.it-DSK-300x250-corpoart\" style=\"text-align:center;margin:0 auto;\"><\/div><\/p>\n<div id=\"videoincontent\" style=\"clear:both\";><\/div>","protected":false},"excerpt":{"rendered":"<p>Il sindaco Cateno De Luca ha inviato una missiva all\u2019Istituto per la Finanza e l\u2019Economia locale dell\u2019Anci per porre un quesito in merito alle misure di sostegno economico alle imprese che la sua Amministrazione vuole mettere in atto. A detta dell\u2019Amministrazione comunale si tratta di una manovra che vale 10 milioni di euro e che [&hellip;]<\/p>\n","protected":false},"author":8,"featured_media":28463,"comment_status":"closed","ping_status":"closed","sticky":false,"template":"","format":"standard","meta":{"ub_ctt_via":"","_mi_skip_tracking":false},"categories":[19],"tags":[],"featured_image_src":"https:\/\/www.messinaoggi.it\/website\/wp-content\/uploads\/2019\/01\/Cateno-De-Luca.jpg","author_info":{"display_name":"red..me","author_link":"https:\/\/www.messinaoggi.it\/website\/author\/redstage\/"},"digistream_id":0,"digistream":false,"_links":{"self":[{"href":"https:\/\/www.messinaoggi.it\/website\/wp-json\/wp\/v2\/posts\/43236"}],"collection":[{"href":"https:\/\/www.messinaoggi.it\/website\/wp-json\/wp\/v2\/posts"}],"about":[{"href":"https:\/\/www.messinaoggi.it\/website\/wp-json\/wp\/v2\/types\/post"}],"author":[{"embeddable":true,"href":"https:\/\/www.messinaoggi.it\/website\/wp-json\/wp\/v2\/users\/8"}],"replies":[{"embeddable":true,"href":"https:\/\/www.messinaoggi.it\/website\/wp-json\/wp\/v2\/comments?post=43236"}],"version-history":[{"count":0,"href":"https:\/\/www.messinaoggi.it\/website\/wp-json\/wp\/v2\/posts\/43236\/revisions"}],"wp:featuredmedia":[{"embeddable":true,"href":"https:\/\/www.messinaoggi.it\/website\/wp-json\/wp\/v2\/media\/28463"}],"wp:attachment":[{"href":"https:\/\/www.messinaoggi.it\/website\/wp-json\/wp\/v2\/media?parent=43236"}],"wp:term":[{"taxonomy":"category","embeddable":true,"href":"https:\/\/www.messinaoggi.it\/website\/wp-json\/wp\/v2\/categories?post=43236"},{"taxonomy":"post_tag","embeddable":true,"href":"https:\/\/www.messinaoggi.it\/website\/wp-json\/wp\/v2\/tags?post=43236"}],"curies":[{"name":"wp","href":"https:\/\/api.w.org\/{rel}","templated":true}]}}