{"id":43209,"date":"2020-05-06T12:00:40","date_gmt":"2020-05-06T10:00:40","guid":{"rendered":"https:\/\/www.messinaoggi.it\/website\/?p=43209"},"modified":"2020-05-06T12:00:40","modified_gmt":"2020-05-06T10:00:40","slug":"piano-marshall-per-la-ricostruzione-del-commercio-de-luca-tende-la-mano-ai-negozianti","status":"publish","type":"post","link":"https:\/\/www.messinaoggi.it\/website\/2020\/05\/06\/piano-marshall-per-la-ricostruzione-del-commercio-de-luca-tende-la-mano-ai-negozianti\/","title":{"rendered":"&quot;Piano Marshall&quot; per la ricostruzione del commercio, De Luca tende la mano ai negozianti"},"content":{"rendered":"<p style=\"text-align: justify;\">Un \u201cPiano Marshall\u201d per la ricostruzione del commercio cittadino. I dettagli dell\u2019operazione li ha illustrati il sindaco Cateno De Luca ai rappresentanti delle organizzazioni sindacali, nel corso di un incontro allargato ai principali \u201cattori\u201d del commercio cittadino.<div id=\"div-gpt-ad-Messinaoggi.it-DSK-300x250-corpoart\" style=\"text-align:center;margin:0 auto;\"><\/div><\/p>\n<p style=\"text-align: justify;\">E\u2019 una delle pi\u00f9 importanti operazioni messe in atto dal sindaco Cateno De Luca, da quando \u00e8 scattata l\u2019emergenza per il Coronavirus. All\u2019incontro tenutosi a Palazzo Zanca era presente, fra gli altri, il presidente della Camera di Commercio, oltre ai rappresentanti delle principali associazioni datoriali.<div id=\"videoincontent\" style=\"clear:both\";><\/div><\/p>\n<p style=\"text-align: justify;\">Messina \u00e8 una citt\u00e0 che \u201cvive\u201d di terziario e questo il sindaco lo sa benissimo, e per questo motivo Palazzo Zanca sta mettendo in atto una serie di misure che dovrebbero consentire alle attivit\u00e0 commerciali di ripartire in assoluta sicurezza. L\u2019applicazione delle misure, per buona parte, dipende dal Comune, ma per il resto \u00e8 necessario che ci sia la compartecipazione dello Stato e della Regione Sicilia. Il governatore Nello Musumeci la sua parte l\u2019ha gi\u00e0 fatta avendo previsto nella Finanziaria un fondo da destinare ai Comuni siciliani per compensare le \u201cperdite\u201d derivanti dal mancato incasso della Tassa per l\u2019occupazione del suolo pubblico. Le amministrazioni locali dovranno \u201csgravare\u201d i commercianti del relativo pagamento della tassa ma le casse comunali non soffriranno per il robusto stanziamento regionale.<\/p>\n<p style=\"text-align: justify;\">C\u2019\u00e8 il nodo degli affitti che dovr\u00e0 essere sbrogliato dallo Stato, anche se al Comune c\u2019\u00e8 la volont\u00e0 di costituire un fondo di solidariet\u00e0 per rifondere parte delle pigioni che i commercianti dovranno pagare, bench\u00e9 gli esercizi siano rimasti chiusi. E\u2019 atteso comunque entro fine settimana il varo del \u201cDecreto Aprile\u201d da parte del Consiglio dei Ministri e dalle indiscrezioni trapelate pare che vi siano previsti degli aiuti ai commercianti per gli affitti.<\/p>\n<p style=\"text-align: justify;\">Ma vediamo nel dettaglio il \u201cpoderoso\u201d, per dirla con Conte, \u201cPiano Marshall\u201d per il commercio di Palazzo Zanca.<\/p>\n<p style=\"text-align: justify;\">Si inizia dalla istituzione di misure a fondo perduto per le imprese che sono state chiuse in forza del Dpc dello scorso 11 marzo, per passare alla costituzione di un fondo da mettere a garanzie delle banche per erogare prestiti alle imprese commerciali. Il sindaco Cateno De Luca, vero \u201carchitetto\u201d del Piano di ricostruzione, ha anche previsto al detrazione dell\u2019Imu per l\u2019anno in corso, in favore dei proprietari degli immobili dati in affitto a commercianti; ci sono poi le detrazioni Tari per il periodo di chiusura dei negozi e la detrazione del 50 per cento per il restante periodo dell\u2019anno 2020; esenzione del canone di occupazione del suolo pubblico; detrazione sugli importi dei canoni pubblicitari e tanto altro ancoro.<\/p>\n<p style=\"text-align: justify;\">L\u2019obiettivo \u00e8 quello di consentire ai negozianti di ripartire senza avere l\u2019assillo di dover pagare i tributi locali.<\/p>\n<p style=\"text-align: justify;\">Ma c\u2019\u00e8 di pi\u00f9 nel \u201cPiano della ricostruzione\u201d, come l\u2019acquisto da parte del Comune di pacchetti viaggio, piuttosto che il lancio di un \u201cbrand Messina\u201d per la promozione turistica.<\/p>\n<p style=\"text-align: justify;\">Misure che hanno trovato il consenso dello organizzazioni di categoria che adesso aspettano di passare alla fase operativa.<\/p>\n<p style=\"text-align: justify;\">\u201cI<em>l sindaco ci ha proposto quello che noi chiedevamo \u2013 afferma Lino Santoro Amante, delegato territoriale di Pmi Sicilia \u2013, lo ringrazio per la sua sensibilit\u00e0 manifestata, ma adesso si deve subito mettere mani a questo piano di ricostruzione di un settore vitale per Messina, come quello del Commercio<\/em>\u201d.<\/p>\n","protected":false},"excerpt":{"rendered":"<p>Un \u201cPiano Marshall\u201d per la ricostruzione del commercio cittadino. I dettagli dell\u2019operazione li ha illustrati il sindaco Cateno De Luca ai rappresentanti delle organizzazioni sindacali, nel corso di un incontro allargato ai principali \u201cattori\u201d del commercio cittadino. E\u2019 una delle pi\u00f9 importanti operazioni messe in atto dal sindaco Cateno De Luca, da quando \u00e8 scattata [&hellip;]<\/p>\n","protected":false},"author":2,"featured_media":42994,"comment_status":"closed","ping_status":"closed","sticky":false,"template":"","format":"standard","meta":{"ub_ctt_via":"","_mi_skip_tracking":false},"categories":[19,6],"tags":[],"featured_image_src":"https:\/\/www.messinaoggi.it\/website\/wp-content\/uploads\/2020\/05\/cateno-de-luca.jpg","author_info":{"display_name":"Redazione","author_link":"https:\/\/www.messinaoggi.it\/website\/author\/redazione\/"},"digistream_id":0,"digistream":false,"_links":{"self":[{"href":"https:\/\/www.messinaoggi.it\/website\/wp-json\/wp\/v2\/posts\/43209"}],"collection":[{"href":"https:\/\/www.messinaoggi.it\/website\/wp-json\/wp\/v2\/posts"}],"about":[{"href":"https:\/\/www.messinaoggi.it\/website\/wp-json\/wp\/v2\/types\/post"}],"author":[{"embeddable":true,"href":"https:\/\/www.messinaoggi.it\/website\/wp-json\/wp\/v2\/users\/2"}],"replies":[{"embeddable":true,"href":"https:\/\/www.messinaoggi.it\/website\/wp-json\/wp\/v2\/comments?post=43209"}],"version-history":[{"count":0,"href":"https:\/\/www.messinaoggi.it\/website\/wp-json\/wp\/v2\/posts\/43209\/revisions"}],"wp:featuredmedia":[{"embeddable":true,"href":"https:\/\/www.messinaoggi.it\/website\/wp-json\/wp\/v2\/media\/42994"}],"wp:attachment":[{"href":"https:\/\/www.messinaoggi.it\/website\/wp-json\/wp\/v2\/media?parent=43209"}],"wp:term":[{"taxonomy":"category","embeddable":true,"href":"https:\/\/www.messinaoggi.it\/website\/wp-json\/wp\/v2\/categories?post=43209"},{"taxonomy":"post_tag","embeddable":true,"href":"https:\/\/www.messinaoggi.it\/website\/wp-json\/wp\/v2\/tags?post=43209"}],"curies":[{"name":"wp","href":"https:\/\/api.w.org\/{rel}","templated":true}]}}