{"id":43082,"date":"2020-05-03T18:38:46","date_gmt":"2020-05-03T16:38:46","guid":{"rendered":"https:\/\/www.messinaoggi.it\/website\/?p=43082"},"modified":"2020-05-03T18:38:46","modified_gmt":"2020-05-03T16:38:46","slug":"fase-2-spunta-una-nuova-autocertificazione-scarica-il-modulo","status":"publish","type":"post","link":"https:\/\/www.messinaoggi.it\/website\/2020\/05\/03\/fase-2-spunta-una-nuova-autocertificazione-scarica-il-modulo\/","title":{"rendered":"Fase 2, spunta una nuova autocertificazione.  SCARICA IL MODULO"},"content":{"rendered":"<p>Sul sito del Viminale \u00e8 disponibile il nuovo modello di autodichiarazione per gli spostamenti utilizzabile da domani. Pu\u00f2 essere ancora utilizzato il precedente modello barrando le voci non pi\u00f9 attuali.<br \/>\nL\u2019autodichiarazione, spiega il ministero, \u00e8 in possesso degli operatori di polizia e pu\u00f2 essere compilata al momento del controllo.<br \/>\n<strong>SCARICA <\/strong><strong>IL <\/strong><strong>MODULO<\/strong><br \/>\n<a href=\"https:\/\/www.interno.gov.it\/sites\/default\/files\/allegati\/nuovo_modello_autodichiarazione_editabile_maggio_2020.pdf\">https:\/\/www.interno.gov.it\/sites\/default\/files\/allegati\/nuovo_modello_autodichiarazione_editabile_maggio_2020.pdf<\/a><div id=\"div-gpt-ad-Messinaoggi.it-DSK-300x250-corpoart\" style=\"text-align:center;margin:0 auto;\"><\/div><\/p>\n<div id=\"videoincontent\" style=\"clear:both\";><\/div>","protected":false},"excerpt":{"rendered":"<p>Sul sito del Viminale \u00e8 disponibile il nuovo modello di autodichiarazione per gli spostamenti utilizzabile da domani. Pu\u00f2 essere ancora utilizzato il precedente modello barrando le voci non pi\u00f9 attuali. L\u2019autodichiarazione, spiega il ministero, \u00e8 in possesso degli operatori di polizia e pu\u00f2 essere compilata al momento del controllo. SCARICA IL MODULO https:\/\/www.interno.gov.it\/sites\/default\/files\/allegati\/nuovo_modello_autodichiarazione_editabile_maggio_2020.pdf<\/p>\n","protected":false},"author":4,"featured_media":43012,"comment_status":"closed","ping_status":"closed","sticky":false,"template":"","format":"standard","meta":{"ub_ctt_via":"","_mi_skip_tracking":false},"categories":[221],"tags":[],"featured_image_src":"https:\/\/www.messinaoggi.it\/website\/wp-content\/uploads\/2020\/05\/IMG-20200501-WA0043.jpg","author_info":{"display_name":"redme","author_link":"https:\/\/www.messinaoggi.it\/website\/author\/redme\/"},"digistream_id":0,"digistream":false,"_links":{"self":[{"href":"https:\/\/www.messinaoggi.it\/website\/wp-json\/wp\/v2\/posts\/43082"}],"collection":[{"href":"https:\/\/www.messinaoggi.it\/website\/wp-json\/wp\/v2\/posts"}],"about":[{"href":"https:\/\/www.messinaoggi.it\/website\/wp-json\/wp\/v2\/types\/post"}],"author":[{"embeddable":true,"href":"https:\/\/www.messinaoggi.it\/website\/wp-json\/wp\/v2\/users\/4"}],"replies":[{"embeddable":true,"href":"https:\/\/www.messinaoggi.it\/website\/wp-json\/wp\/v2\/comments?post=43082"}],"version-history":[{"count":0,"href":"https:\/\/www.messinaoggi.it\/website\/wp-json\/wp\/v2\/posts\/43082\/revisions"}],"wp:featuredmedia":[{"embeddable":true,"href":"https:\/\/www.messinaoggi.it\/website\/wp-json\/wp\/v2\/media\/43012"}],"wp:attachment":[{"href":"https:\/\/www.messinaoggi.it\/website\/wp-json\/wp\/v2\/media?parent=43082"}],"wp:term":[{"taxonomy":"category","embeddable":true,"href":"https:\/\/www.messinaoggi.it\/website\/wp-json\/wp\/v2\/categories?post=43082"},{"taxonomy":"post_tag","embeddable":true,"href":"https:\/\/www.messinaoggi.it\/website\/wp-json\/wp\/v2\/tags?post=43082"}],"curies":[{"name":"wp","href":"https:\/\/api.w.org\/{rel}","templated":true}]}}