{"id":43042,"date":"2020-05-02T11:07:10","date_gmt":"2020-05-02T09:07:10","guid":{"rendered":"https:\/\/www.messinaoggi.it\/website\/?p=43042"},"modified":"2020-05-02T11:07:10","modified_gmt":"2020-05-02T09:07:10","slug":"medici-veterinari-asp-esposto-della-uil-fpl-non-sono-stati-riconosciuti-i-permessi","status":"publish","type":"post","link":"https:\/\/www.messinaoggi.it\/website\/2020\/05\/02\/medici-veterinari-asp-esposto-della-uil-fpl-non-sono-stati-riconosciuti-i-permessi\/","title":{"rendered":"Medici veterinari Asp, esposto della Uil-Fpl: &quot;Non sono stati riconosciuti i permessi&quot;"},"content":{"rendered":"<div style=\"text-align: justify;\">La Uil-Fpl di Messina ha presentato un esposto-denuncia alla Procura della Repubblica di Messina riguardo il presunto omesso riconoscimento dell\u2019estensione dei permessi al personale medico e veterinario specialista ambulatoriale dell\u2019Asp di Messina. L\u2019esposto \u00e8 firmato dal segretario generale <strong>Pippo Calapai<\/strong>, <strong>Mario Salvatore Macr\u00ec<\/strong>, responsabile area medica e da <strong>Massimo Venza<\/strong>, responsabile provinciale medici veterinari specialisti ambulatoriali della Uil-Fpl di Messina.<\/div>\n<div style=\"text-align: justify;\"><\/div>\n<div style=\"text-align: justify;\">\u201c<em>La scrivente organizzazione sindacale \u2013 si legge nell\u2019esposto-denuncia \u2013 \u00e8 venuta a conoscenza di una singolare gestione, ingiustamente discriminatoria, posta in essere dall\u2019Azienda Sanitaria Provinciale di Messina nella figura dei responsabili Paolo La Paglia, nella qualit\u00e0 di Direttore Generale, Catena Di Blasi, nella qualit\u00e0 di direttore amministrativo, Domenico Sindoni nella qualit\u00e0 di Direttore Sanitario, Rosaria Faucello Rosaria nella doppia veste di direttore ad interim dell\u2019U.O.C. Attivit\u00e0 Amministrative Territoriali e Gestione Personale Convenzionato e dell\u2019U.O.C. Gestione Personale Dipendente, e Carmelo Calabr\u00f2 nella qualit\u00e0 di direttore del Dipartimento di Prevenzione Veterinaria, nei confronti del Personale Medico e Veterinario Specialista Ambulatoriale avente incarico presso l\u2019Azienda medesima. I soggetti sopra elencati, abusando del proprio ufficio, con disposizioni abnormi, attuate individualmente e in solido, hanno impedito a detto personale di avvalersi dell\u2019estensione, di cui all\u2019art. 241 del D.L. n. 18 del 17.03.2020, dei permessi gi\u00e0 riconosciutigli in via ordinaria ex L. 104\/92, operando, addirittura, unilateralmente, la riconversione, ex post, dell\u2019estensione dei permessi in parola gi\u00e0 fruiti, in \u201ccongedo ordinario\u201d, in assenza di qualsivoglia fondato presupposto giuridico, al solo fine di trarne vantaggio causando, al contempo, un ingiusto danno ai disabili beneficiari delle tutele assistenziali disciplinate dalle norme sopra richiamate, fattispecie, queste, penalmente rilevanti, riferibili ad omissioni, abusi, falso ideologico ed eventuali altri reati che con il presente esposto\/denuncia si chiede vengano accertati e perseguiti<\/em>\u201d.<\/div>\n<div id=\"div-gpt-ad-Messinaoggi.it-DSK-300x250-corpoart\" style=\"text-align:center;margin:0 auto;\"><\/div><\/p><div id=\"videoincontent\" style=\"clear:both\";><\/div>","protected":false},"excerpt":{"rendered":"<p>La Uil-Fpl di Messina ha presentato un esposto-denuncia alla Procura della Repubblica di Messina riguardo il presunto omesso riconoscimento dell\u2019estensione dei permessi al personale medico e veterinario specialista ambulatoriale dell\u2019Asp di Messina. L\u2019esposto \u00e8 firmato dal segretario generale Pippo Calapai, Mario Salvatore Macr\u00ec, responsabile area medica e da Massimo Venza, responsabile provinciale medici veterinari specialisti [&hellip;]<\/p>\n","protected":false},"author":2,"featured_media":1775,"comment_status":"closed","ping_status":"closed","sticky":false,"template":"","format":"standard","meta":{"ub_ctt_via":"","_mi_skip_tracking":false},"categories":[6],"tags":[],"featured_image_src":"https:\/\/www.messinaoggi.it\/website\/wp-content\/uploads\/2017\/06\/Pippo-Calapai-Uil-Fpl-2.jpg","author_info":{"display_name":"Redazione","author_link":"https:\/\/www.messinaoggi.it\/website\/author\/redazione\/"},"digistream_id":0,"digistream":false,"_links":{"self":[{"href":"https:\/\/www.messinaoggi.it\/website\/wp-json\/wp\/v2\/posts\/43042"}],"collection":[{"href":"https:\/\/www.messinaoggi.it\/website\/wp-json\/wp\/v2\/posts"}],"about":[{"href":"https:\/\/www.messinaoggi.it\/website\/wp-json\/wp\/v2\/types\/post"}],"author":[{"embeddable":true,"href":"https:\/\/www.messinaoggi.it\/website\/wp-json\/wp\/v2\/users\/2"}],"replies":[{"embeddable":true,"href":"https:\/\/www.messinaoggi.it\/website\/wp-json\/wp\/v2\/comments?post=43042"}],"version-history":[{"count":0,"href":"https:\/\/www.messinaoggi.it\/website\/wp-json\/wp\/v2\/posts\/43042\/revisions"}],"wp:featuredmedia":[{"embeddable":true,"href":"https:\/\/www.messinaoggi.it\/website\/wp-json\/wp\/v2\/media\/1775"}],"wp:attachment":[{"href":"https:\/\/www.messinaoggi.it\/website\/wp-json\/wp\/v2\/media?parent=43042"}],"wp:term":[{"taxonomy":"category","embeddable":true,"href":"https:\/\/www.messinaoggi.it\/website\/wp-json\/wp\/v2\/categories?post=43042"},{"taxonomy":"post_tag","embeddable":true,"href":"https:\/\/www.messinaoggi.it\/website\/wp-json\/wp\/v2\/tags?post=43042"}],"curies":[{"name":"wp","href":"https:\/\/api.w.org\/{rel}","templated":true}]}}