{"id":43029,"date":"2020-05-02T10:08:26","date_gmt":"2020-05-02T08:08:26","guid":{"rendered":"https:\/\/www.messinaoggi.it\/website\/?p=43029"},"modified":"2020-05-02T10:08:26","modified_gmt":"2020-05-02T08:08:26","slug":"finanziaria-ok-al-fondo-perequativo-da-300-mln-per-i-comuni-siciliani","status":"publish","type":"post","link":"https:\/\/www.messinaoggi.it\/website\/2020\/05\/02\/finanziaria-ok-al-fondo-perequativo-da-300-mln-per-i-comuni-siciliani\/","title":{"rendered":"Finanziaria, ok al Fondo perequativo da 300 mln per i comuni siciliani"},"content":{"rendered":"<p>\u201cCon il via libera all&#8217;articolo 9 della Finanziaria regionale, il Fondo perequativo da 300 milioni per i comuni siciliani diventa realt\u00e0\u201d. Cos\u00ec l\u2019assessore regionale alla Funzione Pubblica Bernardette Grasso, spiegando che con l\u2019approvazione di tale Fondo il governo regionale assicurer\u00e0 il suo \u201csostegno finanziario ai comuni che dispongono riduzioni o sospendono i tributi su attivit\u00e0 turistiche, bar e ristoranti ed enti e associazioni, sgravando cos\u00ec dal peso del fisco migliaia di attivit\u00e0 produttive ed operatori economici duramente messi alla prova oggi e per i mesi a venire\u201d per via dell\u2019emergenza coronavirus.<br \/>\n\u201cUna misura cardine per garantire le casse degli enti locali ma anche i servizi ai cittadini e il sistema economico dell&#8217;Isola, nell&#8217;ambito dell&#8217;impegno del governo Musumeci per contrastare la crisi del coronavirus. \u2013 prosegue Grasso \u2013 Una quota del Fondo, poi, sar\u00e0 riconosciuta anche al personale di Polizia locale, alla Protezione Civile e ai servizi sociali comunali, impegnati ogni giorno in prima linea nelle difficili settimane dell&#8217;epidemia. Parte di queste risorse, fra le altre cose, sar\u00e0 inoltre riconosciuta ai comuni che concedono gratuiti aumenti del suolo pubblico ad esercenti e imprese\u201d.<br \/>\n\u201cEsprimiamo soddisfazione per l&#8217;approvazione dello stanziamento \u2013 conclude l\u2019assessore regionale \u2013 e ringraziamo le forze politiche del Parlamento siciliano per i contributi che abbiamo positivamente accolto nella stesura della norma, in pieno spirito di lealt\u00e0 politica e collaborazione istituzionale\u201d.<div id=\"div-gpt-ad-Messinaoggi.it-DSK-300x250-corpoart\" style=\"text-align:center;margin:0 auto;\"><\/div><\/p>\n<div id=\"videoincontent\" style=\"clear:both\";><\/div>","protected":false},"excerpt":{"rendered":"<p>\u201cCon il via libera all&#8217;articolo 9 della Finanziaria regionale, il Fondo perequativo da 300 milioni per i comuni siciliani diventa realt\u00e0\u201d. Cos\u00ec l\u2019assessore regionale alla Funzione Pubblica Bernardette Grasso, spiegando che con l\u2019approvazione di tale Fondo il governo regionale assicurer\u00e0 il suo \u201csostegno finanziario ai comuni che dispongono riduzioni o sospendono i tributi su attivit\u00e0 [&hellip;]<\/p>\n","protected":false},"author":8,"featured_media":2211,"comment_status":"closed","ping_status":"closed","sticky":false,"template":"","format":"standard","meta":{"ub_ctt_via":"","_mi_skip_tracking":false},"categories":[11],"tags":[],"featured_image_src":"https:\/\/www.messinaoggi.it\/website\/wp-content\/uploads\/2017\/06\/grasso-bernadette-deputato-2.jpg","author_info":{"display_name":"red..me","author_link":"https:\/\/www.messinaoggi.it\/website\/author\/redstage\/"},"digistream_id":0,"digistream":false,"_links":{"self":[{"href":"https:\/\/www.messinaoggi.it\/website\/wp-json\/wp\/v2\/posts\/43029"}],"collection":[{"href":"https:\/\/www.messinaoggi.it\/website\/wp-json\/wp\/v2\/posts"}],"about":[{"href":"https:\/\/www.messinaoggi.it\/website\/wp-json\/wp\/v2\/types\/post"}],"author":[{"embeddable":true,"href":"https:\/\/www.messinaoggi.it\/website\/wp-json\/wp\/v2\/users\/8"}],"replies":[{"embeddable":true,"href":"https:\/\/www.messinaoggi.it\/website\/wp-json\/wp\/v2\/comments?post=43029"}],"version-history":[{"count":0,"href":"https:\/\/www.messinaoggi.it\/website\/wp-json\/wp\/v2\/posts\/43029\/revisions"}],"wp:featuredmedia":[{"embeddable":true,"href":"https:\/\/www.messinaoggi.it\/website\/wp-json\/wp\/v2\/media\/2211"}],"wp:attachment":[{"href":"https:\/\/www.messinaoggi.it\/website\/wp-json\/wp\/v2\/media?parent=43029"}],"wp:term":[{"taxonomy":"category","embeddable":true,"href":"https:\/\/www.messinaoggi.it\/website\/wp-json\/wp\/v2\/categories?post=43029"},{"taxonomy":"post_tag","embeddable":true,"href":"https:\/\/www.messinaoggi.it\/website\/wp-json\/wp\/v2\/tags?post=43029"}],"curies":[{"name":"wp","href":"https:\/\/api.w.org\/{rel}","templated":true}]}}