{"id":42986,"date":"2020-05-01T10:32:22","date_gmt":"2020-05-01T08:32:22","guid":{"rendered":"https:\/\/www.messinaoggi.it\/website\/?p=42986"},"modified":"2020-05-01T10:32:22","modified_gmt":"2020-05-01T08:32:22","slug":"nuovi-orizzonti-stupiti-dalla-conferenza-episcopale","status":"publish","type":"post","link":"https:\/\/www.messinaoggi.it\/website\/2020\/05\/01\/nuovi-orizzonti-stupiti-dalla-conferenza-episcopale\/","title":{"rendered":"Nuovi Orizzonti: &quot; Stupiti dalla Conferenza episcopale&quot;"},"content":{"rendered":"<p>La piccola comunit\u00e0 &#8220;Nuovi Orizzonti&#8221; scrive una lettera aperta e ai rivolge direttamente alla Cei.<br \/>\n&#8220;Siamo un gruppo di cittadini italiani cristiani, che professano la loro fede nella Chiesa Cattolica.<br \/>\nDa cittadini e da cristiani cattolici ci sentiamo impegnati nella vita civile e riteniamo che i valori della solidariet\u00e0 e della responsabilit\u00e0 sociale siano doveri imprescindibili per la salvaguardia della vita civile e per l\u2019armonico e corretto sviluppo della convivenza sociale nel Paese.<br \/>\nAbbiamo osservato con scrupolo, attenzione ed esercizio della capacit\u00e0 critica nella loro valutazione le disposizioni provenienti dalle autorit\u00e0 statali nelle misure di contrasto alla corrente epidemia e abbiamo letto con stupore l\u2019intervento della Cei rispetto alle prospettive di progressiva riapertura delle attivit\u00e0 economiche e sociali programmate dal Governo.<br \/>\nDa cittadini siamo stupiti per l\u2019utilizzo di un linguaggio che riteniamo inadeguato, fuori misura e completamente al di fuori dal contesto effettivo della vita civile e sociale del nostro Paese.<br \/>\n\u00c8 assolutamente improprio anche accennare all\u2019ipotesi che in Italia vi sia il rischio (o, peggio ancora, sia in corso) una negazione del diritto alla libert\u00e0 di culto. \u00c8 abnorme e, ci sia consentito, irresponsabile agitare figure di inesistenti tentativi repressivi che, particolarmente nei confronti della confessione cattolica, non trovano spazio nel contesto di realt\u00e0 che viviamo.<br \/>\nDa cristiani siamo stupiti perch\u00e9 abbiamo ricevuto dal Santo Padre il conforto della testimonianza che la vita sacramentale \u00e8 anzitutto interiore e che la dimensione della partecipazione spirituale e del desiderio profondo ne sono ambiente di concretizzazione e di comunione piena, reale e concreta. Tutta la presente stagione di restrizione ai movimenti, che ha accompagnato la Quaresima e che ha fatto da scenario ai riti della Settimana Santa e alla celebrazione della Pasqua, ci ha donato l\u2019esperienza di una comunione profonda e universale coi cattolici e coi cristiani di tutto il mondo.<br \/>\nDa cattolici siamo stupiti perch\u00e9 la Conferenza episcopale ha assunto una posizione che, stanti le chiarificazioni ragionevoli di molti Vescovi italiani che vi hanno fatto seguito (e che pienamente condividiamo) appare assunta senza condivisione con l\u2019assise che dovrebbe rappresentare e con un linguaggio (come gi\u00e0 accennato) che, oltre a non rappresentare l\u2019universalit\u00e0 (e neanche la maggioranza) del sentimento dei cattolici italiani, appare parziale e orientato all\u2019attivazione di tensioni inutili, dannose e immotivate con le autorit\u00e0 civili nazionali.<br \/>\nNon comprendiamo dunque da quale processo di valutazione sia emersa questa posizione che, se legittima quando espressa da chiunque (anche pastore della Chiesa Cattolica) sotto il profilo personale, non pu\u00f2, senza una previa condivisione, essere espressa nel nome generale dell\u2019Episcopato e della cattolicit\u00e0 italiani. C\u2019\u00e8 il rischio che posizioni di questo tenore vengano in realt\u00e0 utilizzate al di fuori della Chiesa come strumento di propaganda politica di parte, ed \u00e8 un rischio che, da cittadini, cristiani e cattolici riteniamo doveroso denunciare alla Conferenza Episcopale perch\u00e9 ci si astenga da ogni possibile strumentalizzazione.<br \/>\nCi riconosciamo pienamente nella posizione equilibrata e pacata espressa dal nostro Arcivescovo e aderiamo serenamente, da cittadini cristiani e cattolici, all\u2019invito rivoltoci dal Papa ad attenerci con prudenza e obbedienza a disposizioni che non intaccano minimamente n\u00e9 la nostra fede n\u00e9 la libert\u00e0 di professarla, nella consapevolezza ricevuta da Ges\u00f9 che non un luogo fisico, ma \u201cspirito e verit\u00e0\u201d sono le vere dimensioni dell\u2019adorazione di Dio&#8221;.<div id=\"div-gpt-ad-Messinaoggi.it-DSK-300x250-corpoart\" style=\"text-align:center;margin:0 auto;\"><\/div><\/p>\n<div id=\"videoincontent\" style=\"clear:both\";><\/div>","protected":false},"excerpt":{"rendered":"<p>La piccola comunit\u00e0 &#8220;Nuovi Orizzonti&#8221; scrive una lettera aperta e ai rivolge direttamente alla Cei. &#8220;Siamo un gruppo di cittadini italiani cristiani, che professano la loro fede nella Chiesa Cattolica. Da cittadini e da cristiani cattolici ci sentiamo impegnati nella vita civile e riteniamo che i valori della solidariet\u00e0 e della responsabilit\u00e0 sociale siano doveri [&hellip;]<\/p>\n","protected":false},"author":4,"featured_media":4308,"comment_status":"closed","ping_status":"closed","sticky":false,"template":"","format":"standard","meta":{"ub_ctt_via":"","_mi_skip_tracking":false},"categories":[5],"tags":[],"featured_image_src":"https:\/\/www.messinaoggi.it\/website\/wp-content\/uploads\/2017\/07\/chiesa-san-matteo-a-villa-lina-2.jpg","author_info":{"display_name":"redme","author_link":"https:\/\/www.messinaoggi.it\/website\/author\/redme\/"},"digistream_id":0,"digistream":false,"_links":{"self":[{"href":"https:\/\/www.messinaoggi.it\/website\/wp-json\/wp\/v2\/posts\/42986"}],"collection":[{"href":"https:\/\/www.messinaoggi.it\/website\/wp-json\/wp\/v2\/posts"}],"about":[{"href":"https:\/\/www.messinaoggi.it\/website\/wp-json\/wp\/v2\/types\/post"}],"author":[{"embeddable":true,"href":"https:\/\/www.messinaoggi.it\/website\/wp-json\/wp\/v2\/users\/4"}],"replies":[{"embeddable":true,"href":"https:\/\/www.messinaoggi.it\/website\/wp-json\/wp\/v2\/comments?post=42986"}],"version-history":[{"count":0,"href":"https:\/\/www.messinaoggi.it\/website\/wp-json\/wp\/v2\/posts\/42986\/revisions"}],"wp:featuredmedia":[{"embeddable":true,"href":"https:\/\/www.messinaoggi.it\/website\/wp-json\/wp\/v2\/media\/4308"}],"wp:attachment":[{"href":"https:\/\/www.messinaoggi.it\/website\/wp-json\/wp\/v2\/media?parent=42986"}],"wp:term":[{"taxonomy":"category","embeddable":true,"href":"https:\/\/www.messinaoggi.it\/website\/wp-json\/wp\/v2\/categories?post=42986"},{"taxonomy":"post_tag","embeddable":true,"href":"https:\/\/www.messinaoggi.it\/website\/wp-json\/wp\/v2\/tags?post=42986"}],"curies":[{"name":"wp","href":"https:\/\/api.w.org\/{rel}","templated":true}]}}